{"id":1016,"date":"2012-06-04T09:59:30","date_gmt":"2012-06-04T08:59:30","guid":{"rendered":"http:\/\/graduats.wordpress.com\/?p=1016"},"modified":"2012-06-04T09:59:30","modified_gmt":"2012-06-04T08:59:30","slug":"sesion-de-estudios","status":"publish","type":"post","link":"http:\/\/www.graduats.org\/wordpress\/sesion-de-estudios\/","title":{"rendered":"Sesi\u00f3n de estudios."},"content":{"rendered":"<p style=\"text-align:justify;\">PROFESIONALES CRISTIANOS.\u00a01-3 junio 2012.<br \/>\nJulia Navarro.<\/p>\n<p style=\"text-align:justify;\"><a href=\"http:\/\/www.profesionalescristianos.com\/\"><img loading=\"lazy\" decoding=\"async\" class=\"alignright\" src=\"https:\/\/lh3.googleusercontent.com\/-_HKpNjVS4gQ\/T5aDS0Hp0kI\/AAAAAAAAAIs\/Hl0Rf2DqV_Y\/s512\/Sesi%25C3%25B3n_de_estudios_12.png\" alt=\"\" width=\"184\" height=\"179\" \/><\/a><\/p>\n<p style=\"text-align:justify;\">Llegamos al inicio de la sesi\u00f3n que present\u00f3 Javi, el presidente, con el resumen de las aportaciones de las di\u00f3cesis a la reflexi\u00f3n sobre el texto de \u201chacerse cargo\u2026\u201d de Salinas. El resumen completo estar\u00e1 en la p\u00e1gina web de Px. Se aprecia un trabajo serio de los diversos grupos en torno al documento, no desde la teor\u00eda sino desde la experiencia de cada cual le\u00edda en clave de revisi\u00f3n de vida.<\/p>\n<p>Dos ideas que me llamaron la atenci\u00f3n; una referida a una dificultad: que lo colectivo, lo gratuito es lo primero que se abandona en tiempos de dificultad, cuando falta tiempo. Necesitamos revisar bien a la luz del Evangelio c\u00f3mo priorizamos nuestras opciones.<br \/>\nLa otra idea expresa una esperanza: el servicio a los m\u00e1s desfavorecidos enriquece sobre todo al que sirve; participar en la recomposici\u00f3n del otro como persona interpela a nuestras carencias y nos devuelve la paz. Tenemos una tradici\u00f3n sabia en la que enraizar nuestras iniciativas y eso nos ayuda a ser resistentes: corredores de fondo que no dependen de resultados inmediatos, que no buscan protagonismo, cuya fuerza es la compasi\u00f3n porque se saben perdonados primero.<\/p>\n<p><strong>Ponencia: Nacho Celaya. (Arag\u00f3n)<\/strong><br \/>\nEconomista, profesor de instituto, ex presidente de C\u00e1ritas, con larga historia de pertenencia eclesial en grupos apost\u00f3licos.<\/p>\n<p><span style=\"text-decoration:underline;\">\u00bfPor qu\u00e9 y c\u00f3mo estar en los colectivo?<\/span><br \/>\nHa estado comprometido en la Administraci\u00f3n como Mediador en los conflictos del agua y luego como Director General de participaci\u00f3n ciudadana.<br \/>\nComenz\u00f3 su ponencia admirando y agradeciendo por la elecci\u00f3n del tema. Porque estamos en un momento duro para hablar de lo colectivo. Momento en que se requiere<strong> calidad frente a la frivolidad<\/strong> en la que se toman las decisiones. Por eso es necesario abordar este tema con serenidad y paz, siendo conscientes de que estamos en el \u00e1mbito de la intemperie,<strong> tiempo, no de h\u00e9roes sino de profetas.<\/strong> Y para ello hemos de tomar distancia, valorar lo que est\u00e1 pasando, siendo conscientes de que somos para los otros Historia de Salvaci\u00f3n, creando microclimas que hagan respirable el aire de cada d\u00eda.<br \/>\nAludi\u00f3 al texto sobre el <strong>coraje civil<\/strong> que se ley\u00f3 en la oraci\u00f3n de la ma\u00f1ana:\u201d contrapartida del oportunismo, actitud de vigilancia permanente, arma de los desarmados.\u201d<br \/>\nY avanz\u00f3 que la \u00fanica respuesta a c\u00f3mo estar en lo colectivo es responder a otra pregunta: <strong>\u00bfqu\u00e9 sue\u00f1a Dios para m\u00ed?<\/strong> Porque estar en lo colectivo es inherente a nuestro ser creyente y seguidor de Jes\u00fas. A veces obviamos hacernos esta y otras preguntas antes de tomar opciones de compromiso en lo colectivo, con lo cual \u00e9ste se fractura ante las dificultades. Por eso, para abordar el tema, propuso ir reflexionando sobre nuevas preguntas:<\/p>\n<p style=\"text-align:justify;\"><strong>1.- \u00bfQu\u00e9 es lo colectivo?<\/strong> Estar en lo colectivo tiene que ver con c\u00f3mo y desde d\u00f3nde miramos el mundo. O nos situamos en los que afirman que cada uno tiene lo que se merece y por tanto, s\u00e1lvese quien pueda\u2026O el mundo es una mesa de diversidad donde cabemos todos y todas pues es Dios Padre quien convoca. Lo colectivo alude a lo de todos, es el espacio donde vivimos los gozos y dramas de lo cotidiano, luchando porque todo el mundo ejerza su derecho a construir su historia de dignidad personal.<\/p>\n<p style=\"text-align:justify;\"><strong>2.- \u00bfQu\u00e9 est\u00e1 pasando?<\/strong> Est\u00e1 en crisis el diagn\u00f3stico de lo que sucede, pero tambi\u00e9n hacia d\u00f3nde queremos ir, hacia d\u00f3nde nos llevan, las estrategias para \u201cc\u00f3mo llegar a no s\u00e9 d\u00f3nde\u201d. Hemos desarrollado mucho el \u201cver\u201d, pero nos falta descubrir la peque\u00f1a hierba que crece. Necesitamos diagn\u00f3sticos plurales y profundos. Y repetirnos a nosotros mismos con honestidad que somos unos privilegiados que vivimos en un mundo privilegiado. Esa conciencia forma parte del diagn\u00f3stico.<\/p>\n<p style=\"text-align:justify;\"><strong>3.- \u00bfDesde qu\u00e9 valores sue\u00f1o un mundo diferente?<\/strong> Los valores evang\u00e9licos son los que Dios ha puesto en nuestros sue\u00f1os. A nosotros nos corresponde transformarlos en deseos, y hacer de los deseos pasi\u00f3n, y de la pasi\u00f3n constancia y de \u00e9sta esperanza.<\/p>\n<p style=\"text-align:justify;\"><strong>4.- \u00bfCu\u00e1l es el proyecto de sociedad y de historia que Dios tiene para el mundo?<\/strong> La respuesta requiere seguir cultivando una fe madura, profundizando en la raz\u00f3n de nuestra esperanza que encontramos en Jes\u00fas, en saber y recordar que Dios nos llam\u00f3 a la vida para construir el Reino y eso solo se puede hacer si vivimos compasivamente.<\/p>\n<p style=\"text-align:justify;\"><strong>5.- \u00bfCu\u00e1les son las mediaciones para construir es Reino?<\/strong> Necesitamos el silencio y la oraci\u00f3n que permite dejarse iluminar por el Esp\u00edritu. Pero hemos de escuchar a la comunidad en la que experimentamos el milagro de la vida y de lo gratuito, en la que cultivar esa fe madura. Y escuchar las llamadas que vienen de la intemperie sintiendo que Dios nos necesita para colaborar en la tarea, que sin nosotros queda incompleta.<\/p>\n<p style=\"text-align:justify;\"><strong>6.- \u00bfCu\u00e1l es el equipaje para el camino?<\/strong> Quiz\u00e1 la asignatura pendiente para el compromiso (especialmente en la pol\u00edtica) sea la falta de acompa\u00f1amiento en esa carrera de fondo que s\u00f3lo se puede hacer con otros y no contra otros.<\/p>\n<p style=\"text-align:justify;\"><span style=\"text-decoration:underline;\">Las claves para esta reflexi\u00f3n sobre lo colectivo<\/span> ser\u00edan:<\/p>\n<ul>\n<li>No importa tanto el d\u00f3nde me comprometo, sino el \u201cdesde d\u00f3nde\u201d, el \u201cc\u00f3mo\u201d y el \u201cpor qu\u00e9\u201d<\/li>\n<li>Es importante vivir la experiencia del milagro de la vida: dejarse iluminar por el Esp\u00edritu y la comunidad.<\/li>\n<li>La calidad del compromiso tiene que ver con la profundidad desde la que lo adoptamos.<\/li>\n<\/ul>\n<p style=\"text-align:justify;\"><span style=\"text-decoration:underline;\">Las propuestas<\/span> a tener en cuenta para <strong>discernir la llamada de Dios<\/strong>, son de nuevo preguntas:<\/p>\n<ul>\n<li>\u00bfcu\u00e1l es mi pasi\u00f3n?<\/li>\n<li>\u00bfcu\u00e1les son mis carismas? (a veces es la propia comunidad la que nos los desvela)<\/li>\n<li>\u00bfqu\u00e9 intuyo que Dios sue\u00f1a para m\u00ed?<\/li>\n<li>\u00bfculas es mi momento vital? (realidad, fuerzas\u2026medidas con honestidad)<\/li>\n<\/ul>\n<p style=\"text-align:justify;\">Pero quedan <span style=\"text-decoration:underline;\">dial\u00e9cticas por resolver<\/span>:<\/p>\n<ol>\n<li><strong>Lo personal <em>vs<\/em> lo colectivo<\/strong> (estar indignado con el mundo, y en paz con uno mismo)<\/li>\n<li><strong>Las personas <strong><em>vs<\/em><\/strong>\u00a0las estructuras<\/strong> (la atenci\u00f3n a la persona y el compromiso en la estructura)<\/li>\n<li><strong>Dentro de la Iglesia <strong><em>vs<\/em><\/strong>\u00a0fuera de la Iglesia<\/strong> (el compromiso en estructuras eclesiales y \u201cciviles\u201d)<\/li>\n<li><strong>Estar en la calle <strong><em>vs<\/em><\/strong>\u00a0en instituciones<\/strong>. (movimientos alternativos, organizaciones tradicionales)<\/li>\n<li><strong>\u00c9tica de la convicci\u00f3n <strong><em>vs<\/em><\/strong>\u00a0\u00e9tica de la responsabilidad.<\/strong> (todos los compromisos tienen parte de utop\u00eda y tambi\u00e9n de barro; la complejidad supone renunciar a verdades y tambi\u00e9n a derechos conquistados)<\/li>\n<\/ol>\n<p style=\"text-align:justify;\">No se trata de escoger uno u otro extremo. La dial\u00e9ctica supone tensi\u00f3n entre dos tendencias sin renunciar a ninguna de ellas por completo. Es cuesti\u00f3n de acentos, intensidades, \u00e9pocas, siempre revisando las claves de discernimiento arriba indicadas, para no perder la fidelidad a nuestro ser creyentes.<\/p>\n<p><span style=\"text-decoration:underline;\">\u00bfDe qu\u00e9 hacerse cargo?<\/span><br \/>\nNos propone siete claves para esta reflexi\u00f3n:<\/p>\n<ol>\n<li>Estamos en un mundo <strong>profundamente injusto<\/strong> en el que existen privilegiados y muchas v\u00edctimas.<\/li>\n<li>Estamos en un <strong>cambio de \u00e9poca<\/strong>: un mundo que nunca va a volver a ser lo que fue. Esta situaci\u00f3n nos obliga a volvernos a hacer todas las preguntas, porque las soluciones previas no resuelven la complejidad. Y se nos pide ser maestros de la complejidad, buscando otra manera de tomar decisiones construyendo m\u00e1s inteligencia colectiva.<\/li>\n<li>Hemos de tener en cuenta la <strong>paradoja de la pol\u00edtica<\/strong>. Est\u00e1 m\u00e1s desprestigiada cuando m\u00e1s necesaria es. No puede ser el problema, sino que tiene que formar parte de la soluci\u00f3n.<\/li>\n<li>Es patente tambi\u00e9n la <strong>crisis de lo p\u00fablico<\/strong>: \u201clo que es de todos no es de nadie\u201d; mezclamos los intereses corporativos con la lucha por la justicia.<\/li>\n<li>Asistimos a una \u201c<strong>demonizaci\u00f3n de las mediaciones<\/strong>\u201d, con el peligro de que perdamos loas conquistas de la democracia. Es necesario reinventar las mediaciones (y so\u00f1ar ese otro mundo posible) porque sin ellas siempre gana el sistema instalado en el poder.<\/li>\n<li>Para hacer un correcto diagn\u00f3stico de lo que ocurre, hay que pararse y repensar el papel de la Iglesia en el mundo, actualizando los documentos del CV II<\/li>\n<\/ol>\n<p style=\"text-align:justify;\"><span style=\"text-decoration:underline;\">\u00bfPor qu\u00e9 y desde d\u00f3nde encargarnos de la realidad?<\/span><br \/>\nNo nos podemos dejar de comprometer y quedar al margen porque constantemente recordamos que s\u00ed somos el \u201cguardi\u00e1n de mi hermano\u201d y sabemos \u201cqui\u00e9n es mi pr\u00f3jimo\u201d. El lugar natural de los laicos es la sociedad y all\u00ed es donde damos razones de esperanza. Los valores cristianos no son f\u00e1ciles ni est\u00e1n de moda. Si los evocamos despacio y nos dejamos empapar por ellos en la oraci\u00f3n donde estemos, construiremos Reino de Dios.<\/p>\n<p style=\"text-align:justify;\"><span style=\"text-decoration:underline;\">\u00bfC\u00f3mo cambiar la realidad?<\/span><br \/>\nPara cambiar las cosas hace falta <strong>saber, querer y poder<\/strong>. Nuestro objetivo es ayudar a que la gente pueda, aglutinar m\u00e1s c\u00f3mplices del cambio, m\u00e1s gente con la pasi\u00f3n de construir una sociedad diferente.<br \/>\nFuera del grupo es imposible caminar porque los procesos personales hay que acompa\u00f1arlos. Porque los compromisos en mediaciones son un ejercicio pedag\u00f3gico que ayuda a <strong>crecer como personas<\/strong>: aquellos a quienes ayudamos nos ense\u00f1an, la complejidad nos exige formarnos.<br \/>\nTrabajar con calidad supone <strong>definir los l\u00edmites<\/strong> que no podemos tolerar. Porque a veces el compromiso exige dureza (la piel de elefante\u2026) y mezclarse con el barro; pero al mismo tiempo necesitamos la sensibilidad suficiente para ser conscientes de ello.<br \/>\nEl grupo genera <strong>inteligencia colectiva<\/strong> que ayuda a respetar los procesos personales y nos capacita para el di\u00e1logo y el consenso.<br \/>\nSolo es posible cambiar el mundo desde la esperanza: la gente no responde a la llamada al compromiso si no ve personas felices que disfrutan de la vida y dan testimonio de alegr\u00eda.<\/p>\n<p style=\"text-align:justify;\"><strong>Mesa de experiencias<br \/>\n<\/strong><br \/>\nRoberto Aguilar (Bilbao)<br \/>\nEducador social, trabaja en la asociaci\u00f3n Bidesari con presos en proceso de reinserci\u00f3n, pertenece al Consejo Vasco de voluntariado y al Comit\u00e9 directivo del colegio vasco de Educadores Sociales.<br \/>\nEl ejercicio profesional se puede vivir como la oportunidad de crear condiciones de posibilidad para el Reino de Dios y de dirigir una mirada \u00e9tica a la realidad. Ayuda a poner contenido y rostros a la realidad de la pobreza. La profesi\u00f3n se descubre como regalo cuando se percibe el privilegio de tenerla. El trabajo remunerado es compromiso colectivo si se formula desde el \u201cpara qu\u00e9\u201d. Cualquier profesi\u00f3n, ejercida desde este planteamiento es instrumento de transformaci\u00f3n de la sociedad hacia el Reino<br \/>\nEl encuentro con las personas es el ant\u00eddoto para no dejarse contaminar por una mirada distante desde la estructura. El reto es que la mirada sobre la realidad la inspire cada d\u00eda el Evangelio.<br \/>\nEl compromiso en el voluntariado supone mantenerse despierto. Se puede vivir en \u00e9l la experiencia de Dios, y dejarse encontrar por \u00c9l. Esto ayuda a cultivar la capacidad de interioridad que nos ayuda a atender las se\u00f1ales que ocurren todos los d\u00edas, a cultivar la gratuidad y devolverla como gratitud.<br \/>\nEn toda relaci\u00f3n gratuita, es necesario salir de nuestros espacios de confort, implicarnos y complicarnos la vida. Abandonar la l\u00f3gica de lo rentable como \u00fanico criterio.<\/p>\n<p><strong>Paco Zamora<\/strong> (Badajoz)<br \/>\nIngeniero Industrial, profesor de universidad. Promueve clases de Educaci\u00f3n para el Desarrollo en su Facultad y la realizaci\u00f3n de proyectos de fin de carrera de tipo solidario. Colabora como dirigente en la ONG: ONGawa.<br \/>\nNo es posible ser cristiano sin servir a los \u00faltimos. Y no se puede estar en lo colectivo si no es desde la humildad. Reconocer las propias carencias permite reconocer a Dios, que nos llama y env\u00eda conociendo nuestra debilidad. \u00c9l representa nuestro descanso en el fracaso y nos ayuda a unificar la existencia. El Reino es de dios, no nuestro. No todo depende de nosotros.<\/p>\n<p><strong>Rebeca<\/strong> (Palencia)<br \/>\nEnfermera, militante del sindicato SATSE, y actualmente, cuando tiene su puesto de trabajo consolidado, liberada sindical.<br \/>\nPriorizar el \u00e1mbito profesional como lugar de compromiso le ha ayudado a unificar la vida. Su compromiso proviene de la concreci\u00f3n de su b\u00fasqueda del Reino de Dios, porque \u00e9sa es su pasi\u00f3n. Considera que lo colectivo es un \u00e1mbito felicitante.<\/p>\n<p style=\"text-align:justify;\">Como propuestas en el di\u00e1logo se coment\u00f3 que ser\u00eda conveniente recoger y publicar las narraciones tantos creyentes comprometidos en lo colectivo como parte de la Historia de Salvaci\u00f3n que est\u00e1 sucediendo en cada rinc\u00f3n. Junto a la denuncia y la profec\u00eda, la sabidur\u00eda que visibiliza los signos del Reino de Dios.<br \/>\nY compartir la pregunta: \u00bfQu\u00e9 necesita este mundo en crisis de los cristianos?<\/p>\n","protected":false},"excerpt":{"rendered":"<p>PROFESIONALES CRISTIANOS.\u00a01-3 junio 2012. Julia Navarro. Llegamos al inicio de la sesi\u00f3n que present\u00f3 Javi, el presidente, con el resumen de las aportaciones de las di\u00f3cesis a la reflexi\u00f3n sobre el texto de \u201chacerse cargo\u2026\u201d de Salinas. El resumen completo estar\u00e1 en la p\u00e1gina web de Px. Se aprecia un trabajo serio de los diversos [&hellip;]<\/p>\n","protected":false},"author":1,"featured_media":1134,"comment_status":"open","ping_status":"open","sticky":false,"template":"","format":"standard","meta":{"footnotes":""},"categories":[13],"tags":[],"class_list":["post-1016","post","type-post","status-publish","format-standard","has-post-thumbnail","hentry","category-profesionales-cristianos"],"_links":{"self":[{"href":"http:\/\/www.graduats.org\/wordpress\/wp-json\/wp\/v2\/posts\/1016","targetHints":{"allow":["GET"]}}],"collection":[{"href":"http:\/\/www.graduats.org\/wordpress\/wp-json\/wp\/v2\/posts"}],"about":[{"href":"http:\/\/www.graduats.org\/wordpress\/wp-json\/wp\/v2\/types\/post"}],"author":[{"embeddable":true,"href":"http:\/\/www.graduats.org\/wordpress\/wp-json\/wp\/v2\/users\/1"}],"replies":[{"embeddable":true,"href":"http:\/\/www.graduats.org\/wordpress\/wp-json\/wp\/v2\/comments?post=1016"}],"version-history":[{"count":0,"href":"http:\/\/www.graduats.org\/wordpress\/wp-json\/wp\/v2\/posts\/1016\/revisions"}],"wp:featuredmedia":[{"embeddable":true,"href":"http:\/\/www.graduats.org\/wordpress\/wp-json\/"}],"wp:attachment":[{"href":"http:\/\/www.graduats.org\/wordpress\/wp-json\/wp\/v2\/media?parent=1016"}],"wp:term":[{"taxonomy":"category","embeddable":true,"href":"http:\/\/www.graduats.org\/wordpress\/wp-json\/wp\/v2\/categories?post=1016"},{"taxonomy":"post_tag","embeddable":true,"href":"http:\/\/www.graduats.org\/wordpress\/wp-json\/wp\/v2\/tags?post=1016"}],"curies":[{"name":"wp","href":"https:\/\/api.w.org\/{rel}","templated":true}]}}