{"id":1028,"date":"2012-06-06T17:12:47","date_gmt":"2012-06-06T16:12:47","guid":{"rendered":"http:\/\/graduats.wordpress.com\/?p=1028"},"modified":"2012-06-06T17:12:47","modified_gmt":"2012-06-06T16:12:47","slug":"conclusiones-de-la-sesion-de-estudios","status":"publish","type":"post","link":"http:\/\/www.graduats.org\/wordpress\/conclusiones-de-la-sesion-de-estudios\/","title":{"rendered":"Conclusiones de la Sesi\u00f3n de Estudios"},"content":{"rendered":"<h3><strong>\u00bfPor qu\u00e9 y c\u00f3mo estar en lo colectivo?<\/strong><\/h3>\n<p style=\"text-align:justify;\">En los \u00faltimos a\u00f1os hemos ido incorporando en nuestra reflexi\u00f3n la importancia de estar abiertos a participar y crear espacios colectivos, tanto como ciudadanos como profesionales, para dar respuesta a las necesidades que plantea la humanizaci\u00f3n de nuestro mundo.<\/p>\n<p style=\"text-align:justify;\">Durante este curso hemos estado trabajando con el lema \u201c\u00bfpor qu\u00e9 y c\u00f3mo estar en lo colectivo?\u201d. Nos propon\u00edamos analizar y descubrir las oportunidades de compromiso colectivo que existen a nuestro alrededor e iluminar desde el Evangelio nuestras motivaciones personales para asumir este compromiso. Durante la sesi\u00f3n de estudios nos ha acompa\u00f1ado Nacho Celaya para ofrecernos claves en torno a estas preguntas.<\/p>\n<p style=\"text-align:justify;\">Apostamos por una forma de mirar el mundo como una mesa com\u00fan donde cabemos todos. Por ello, el concretar nuestro compromiso en los espacios colectivos rompe la din\u00e1mica de la \u00e9tica voluntarista que no lleva a nada, es tiempo de profetas y no de mensajeros. Nuestra presencia en dichos espacios debe ser constructiva, logrando un equilibrio entre cr\u00edtica y propuesta. Estamos en un momento en el que las mediaciones (sindicatos, colegios profesionales,\u2026) no tienen mucho prestigio. Sin embargo, son necesarias porque de no existir, habr\u00eda que inventarlas, si no, siempre gana el sistema.<\/p>\n<p style=\"text-align:justify;\">A pesar del cambio de \u00e9poca que estamos viviendo, es tiempo de esperanza. Lo importante no es d\u00f3nde estemos participando, sino plantearnos nuestras motivaciones respondiendo al<\/p>\n<ul>\n<li>Por qu\u00e9:\n<ul>\n<li>Lo esencial para el creyente es construir el Reino de Dios aqu\u00ed, estamos llamados a ser Buena Noticia para los m\u00e1s pobres y comprometernos en el bien com\u00fan. Estamos convencidos de que otro mundo tiene que ser posible.<\/li>\n<li>Nuestro lugar natural como laicos, es el mundo.<\/li>\n<\/ul>\n<\/li>\n<li>Desde d\u00f3nde :\n<ul>\n<li>Los valores del Reino: compasi\u00f3n, coherencia, gratuidad, dignidad, diversidad,\u2026 nos motivan a encargarnos de la realidad.<\/li>\n<li>La \u00e9tica de la responsabilidad frente a la \u00e9tica de las convicciones nos hace bajar al barro, a los espacios de deliberaci\u00f3n, aportando nuestro saber y nuestros valores, generando di\u00e1logo y acuerdos.<\/li>\n<\/ul>\n<\/li>\n<li>C\u00f3mo:\n<ul>\n<li>Trabajando en red, es importante aglutinar c\u00f3mplices del cambio. No hay soluciones individuales, debemos utilizar la inteligencia colectiva para todo.\u00a0aminar en grupo, acompa\u00f1ando los procesos personales.<\/li>\n<li>Fidelidad frente a eficacia, ser corredor de fondo, dotarnos de piel de elefante.<\/li>\n<li>Trabajar con calidad.<\/li>\n<li>Vivir felices, una felicidad madura.<\/li>\n<li>S\u00f3lo se cambia el mundo desde la esperanza.<\/li>\n<\/ul>\n<\/li>\n<\/ul>\n<p style=\"text-align:justify;\">Profundizando en nuestra experiencia de fe, descubrimos que son importantes nuestros sue\u00f1os para el mundo pero es m\u00e1s importante lo que Dios sue\u00f1a para mi y para el mundo. Necesitamos una fe madura, la raz\u00f3n de nuestra esperanza es Dios y nos llama a unificar nuestra existencia: trabajo, ocio, ciudadan\u00eda. Es importante el encuentro con Dios porque nos lleva a tener actitudes de fortaleza, gratuidad, permanencia, purificar nuestras motivaciones,\u2026.<\/p>\n<p style=\"text-align:justify;\">Ante todo esto que descubrimos, nos sentimos llamados:<\/p>\n<p style=\"text-align:justify;padding-left:30px;\">&#8211; Al discernimiento desde las siguientes claves:<\/p>\n<ul>\n<ul>\n<li>\u00bfCu\u00e1l es mi pasi\u00f3n?<\/li>\n<li>\u00bfCu\u00e1les son mis carismas?<\/li>\n<li>\u00bfQu\u00e9 me pide Dios?<\/li>\n<li>\u00bfCu\u00e1l es mi momento vital?<\/li>\n<\/ul>\n<\/ul>\n<p style=\"text-align:justify;padding-left:30px;\">&#8211; A la disponibilidad, la necesidad de implicarse, bajar a la realidad del barro. Trabajar con inteligencia colectiva, la verdad no est\u00e1 en uno sino que se construye entre todos.<\/p>\n<p style=\"text-align:justify;padding-left:30px;\">&#8211; A la permanencia con tranquilidad y serenidad. No estar\/ser tristes. Mostrarnos ante los dem\u00e1s como gente feliz y como gente de esperanza.<\/p>\n<p style=\"text-align:justify;padding-left:30px;\">&#8211; A trasladar al grupo de revisi\u00f3n de vida los gozos y las sombras de nuestro compromiso en los espacios colectivos, dejarnos acompa\u00f1ar y acompa\u00f1ar al resto. Esto nos ayuda a hacer lectura creyente de nuestra experiencia.<\/p>\n<p style=\"text-align:justify;padding-left:30px;\">&#8211; A narrar y compartir desde la esperanza lo que vivimos nos ayuda a ser m\u00e1s consciente de nuestra experiencia y puede iluminar a otros.<\/p>\n<p style=\"padding-left:30px;\">&#8211; A seguir trabajando dial\u00e9cticas y tensiones entre:<\/p>\n<ul>\n<ul>\n<li>Lo personal frente a lo colectivo.<\/li>\n<li>Las personas frente a la estructura.<\/li>\n<li>Lo de dentro frente a lo de fuera de la Iglesia.<\/li>\n<li>Lo individual o lo de la calle frente a lo institucional.<\/li>\n<\/ul>\n<\/ul>\n<p style=\"text-align:right;\"><em>Profesionales Cristianos.\u00a0Pozuelo,\u00a01-3 de junio de 2012<\/em><\/p>\n","protected":false},"excerpt":{"rendered":"<p>\u00bfPor qu\u00e9 y c\u00f3mo estar en lo colectivo? En los \u00faltimos a\u00f1os hemos ido incorporando en nuestra reflexi\u00f3n la importancia de estar abiertos a participar y crear espacios colectivos, tanto como ciudadanos como profesionales, para dar respuesta a las necesidades que plantea la humanizaci\u00f3n de nuestro mundo. Durante este curso hemos estado trabajando con el [&hellip;]<\/p>\n","protected":false},"author":1,"featured_media":0,"comment_status":"open","ping_status":"open","sticky":false,"template":"","format":"standard","meta":{"footnotes":""},"categories":[13],"tags":[],"class_list":["post-1028","post","type-post","status-publish","format-standard","hentry","category-profesionales-cristianos"],"_links":{"self":[{"href":"http:\/\/www.graduats.org\/wordpress\/wp-json\/wp\/v2\/posts\/1028","targetHints":{"allow":["GET"]}}],"collection":[{"href":"http:\/\/www.graduats.org\/wordpress\/wp-json\/wp\/v2\/posts"}],"about":[{"href":"http:\/\/www.graduats.org\/wordpress\/wp-json\/wp\/v2\/types\/post"}],"author":[{"embeddable":true,"href":"http:\/\/www.graduats.org\/wordpress\/wp-json\/wp\/v2\/users\/1"}],"replies":[{"embeddable":true,"href":"http:\/\/www.graduats.org\/wordpress\/wp-json\/wp\/v2\/comments?post=1028"}],"version-history":[{"count":0,"href":"http:\/\/www.graduats.org\/wordpress\/wp-json\/wp\/v2\/posts\/1028\/revisions"}],"wp:attachment":[{"href":"http:\/\/www.graduats.org\/wordpress\/wp-json\/wp\/v2\/media?parent=1028"}],"wp:term":[{"taxonomy":"category","embeddable":true,"href":"http:\/\/www.graduats.org\/wordpress\/wp-json\/wp\/v2\/categories?post=1028"},{"taxonomy":"post_tag","embeddable":true,"href":"http:\/\/www.graduats.org\/wordpress\/wp-json\/wp\/v2\/tags?post=1028"}],"curies":[{"name":"wp","href":"https:\/\/api.w.org\/{rel}","templated":true}]}}