{"id":1156,"date":"2012-07-10T05:06:23","date_gmt":"2012-07-10T03:06:23","guid":{"rendered":"http:\/\/graduats.wordpress.com\/?p=1156"},"modified":"2012-07-10T05:06:23","modified_gmt":"2012-07-10T03:06:23","slug":"literatura-y-cristianismo","status":"publish","type":"post","link":"http:\/\/www.graduats.org\/wordpress\/literatura-y-cristianismo\/","title":{"rendered":"Asamblea fin de curso"},"content":{"rendered":"<p>La asamblea final de curso, en un contexto de oraci\u00f3n, y en un entorno al aire libre, fue un encuentro gozoso de la mayor\u00eda de la gente de graduats que ha estado todo el a\u00f1o reuni\u00e9ndose en los\u00a0<em><strong>equipos<\/strong><\/em>.<br \/>\nLas reuniones se valoraron bien aunque coincidimos en que no siempre la revisi\u00f3n de vida era facilitada por el material del Itinerario diocesano de Renovaci\u00f3n que hemos seguido este a\u00f1o, como elemento de vinculaci\u00f3n a la Iglesia diocesana. Nos proponemos mejorar este aspecto, buscando textos m\u00e1s sugerentes, centrados en esta ocasi\u00f3n en los Hechos de los Ap\u00f3stoles.<\/p>\n<p>Respecto a los\u00a0<em><strong>ejercicios<\/strong><\/em>, se valor\u00f3 como \u00bb magn\u00edfica la experiencia de los ejercicios dirigidos por &#8216;laicas&#8217;.\u00bb<\/p>\n<p>El\u00a0<em><strong>Seminario<\/strong><\/em>\u00a0sobre \u00abV\u00edas de Reconstrucci\u00f3n \u00c9tica\u00bb fue todo \u00e9l preparado por gente del movimiento, con una aportaci\u00f3n externa a cargo de la fundaci\u00f3n Novaterra. Hicieron un trabajo serio y riguroso, que merece conservarse, difundirse y <a href=\"http:\/\/graduats.wordpress.com\/otros-cursos-2\/2011-2012\/seminario-2011-2012\/\">releerse<\/a>, puesto que aporta una mirada reflexiva sobre la situaci\u00f3n que estamos viviendo, y claves para fundamentar nuestra esperanza.<\/p>\n<p>Respecto al\u00a0<em><strong>Seminario del curso pr\u00f3ximo<\/strong><\/em>, sobre Literatura del s. XX y Cristianismo, revisamos la propuesta del a\u00f1o anterior, y quedamos de acuerdo en que no se tratase de un mero ejercicio intelectual de profundizaci\u00f3n. Vimos necesario que la lectura de los autores se hiciera en clave de aprendizaje para saber leer la realidad cotidiana con perspectiva creyente y sobre todo para interpelar la necesidad del compromiso con esa realidad que nos llama y la conciencia de misi\u00f3n que surge de esa llamada.<\/p>\n<p>Tambi\u00e9n nos propusimos dedicar algunas sesiones de estudio al 50 aniversario del\u00a0<em><strong>Concilio Vaticano II<\/strong><\/em>, dada la urgente necesidad de repensar la misi\u00f3n de la Iglesia en el Mundo y la vigencia de los documentos de ese concilio.<\/p>\n<p>Por \u00faltimo comentamos la relaci\u00f3n con\u00a0<em><strong>Profesionales Cristianos<\/strong><\/em>, la conveniencia de que todos pasemos por las sesiones de estudio, incluyendo la cuesti\u00f3n econ\u00f3mica.<\/p>\n<p>Qued\u00f3 pendiente revisar los\u00a0<em><strong>compromisos del movimiento<\/strong><\/em>\u00a0con C\u00e1ritas y Proyecto Hombre, dada la dif\u00edcil situaci\u00f3n que estas instituciones atraviesan y los conflictos que est\u00e1n viviendo las personas m\u00e1s implicadas, que piden nuestra oraci\u00f3n y nuestro apoyo.<\/p>\n<p>La Asamblea de inicio de curso ser\u00e1 los d\u00edas 6 y 7 de octubre en El Desierto de las Palmas.<\/p>\n<p><a href=\"http:\/\/graduats.files.wordpress.com\/2012\/07\/asamblea_graduats_2.png\"><img loading=\"lazy\" decoding=\"async\" class=\"size-full wp-image-1359 alignleft\" title=\"Asamblea_Graduats_2\" src=\"http:\/\/graduats.files.wordpress.com\/2012\/07\/asamblea_graduats_2.png\" alt=\"\" width=\"640\" height=\"258\" \/><\/a><\/p>\n","protected":false},"excerpt":{"rendered":"<p>La asamblea final de curso, en un contexto de oraci\u00f3n, y en un entorno al aire libre, fue un encuentro gozoso de la mayor\u00eda de la gente de graduats que ha estado todo el a\u00f1o reuni\u00e9ndose en los\u00a0equipos. Las reuniones se valoraron bien aunque coincidimos en que no siempre la revisi\u00f3n de vida era facilitada [&hellip;]<\/p>\n","protected":false},"author":1,"featured_media":1359,"comment_status":"open","ping_status":"open","sticky":false,"template":"","format":"standard","meta":{"footnotes":""},"categories":[11],"tags":[],"class_list":["post-1156","post","type-post","status-publish","format-standard","has-post-thumbnail","hentry","category-convocatorias"],"_links":{"self":[{"href":"http:\/\/www.graduats.org\/wordpress\/wp-json\/wp\/v2\/posts\/1156","targetHints":{"allow":["GET"]}}],"collection":[{"href":"http:\/\/www.graduats.org\/wordpress\/wp-json\/wp\/v2\/posts"}],"about":[{"href":"http:\/\/www.graduats.org\/wordpress\/wp-json\/wp\/v2\/types\/post"}],"author":[{"embeddable":true,"href":"http:\/\/www.graduats.org\/wordpress\/wp-json\/wp\/v2\/users\/1"}],"replies":[{"embeddable":true,"href":"http:\/\/www.graduats.org\/wordpress\/wp-json\/wp\/v2\/comments?post=1156"}],"version-history":[{"count":0,"href":"http:\/\/www.graduats.org\/wordpress\/wp-json\/wp\/v2\/posts\/1156\/revisions"}],"wp:featuredmedia":[{"embeddable":true,"href":"http:\/\/www.graduats.org\/wordpress\/wp-json\/"}],"wp:attachment":[{"href":"http:\/\/www.graduats.org\/wordpress\/wp-json\/wp\/v2\/media?parent=1156"}],"wp:term":[{"taxonomy":"category","embeddable":true,"href":"http:\/\/www.graduats.org\/wordpress\/wp-json\/wp\/v2\/categories?post=1156"},{"taxonomy":"post_tag","embeddable":true,"href":"http:\/\/www.graduats.org\/wordpress\/wp-json\/wp\/v2\/tags?post=1156"}],"curies":[{"name":"wp","href":"https:\/\/api.w.org\/{rel}","templated":true}]}}