{"id":1362,"date":"2012-08-08T19:13:02","date_gmt":"2012-08-08T17:13:02","guid":{"rendered":"http:\/\/graduats.wordpress.com\/?p=1362"},"modified":"2012-08-08T19:13:02","modified_gmt":"2012-08-08T17:13:02","slug":"caritas-y-el-derecho-a-la-salud","status":"publish","type":"post","link":"http:\/\/www.graduats.org\/wordpress\/caritas-y-el-derecho-a-la-salud\/","title":{"rendered":"C\u00e1ritas y el derecho a la salud"},"content":{"rendered":"<p>Texto del comunicado de C\u00e1ritas:<\/p>\n<p><strong>\u00abC\u00e1ritas\u00a0<\/strong>insta al gobierno y partidos pol\u00edticos a una reflexi\u00f3n profunda sobre las consecuencias de las decisiones tomadas sobre el derecho a la salud y las consecuencias sobre el mismo del \u00abReal Decreto Ley 16\/2012, de 20 de abril, de medidas urgentes para garantizar la sostenibilidad del Sistema Nacional de Salud y mejorar la calidad y \u00a0seguridad\u00a0de sus prestaciones\u00bb, aprobado en el Congreso de los Diputados.<\/p>\n<p><!--more--><\/p>\n<p>Ante la<strong>\u00a0propuesta de esta nueva medida<\/strong>queremos llamar la atenci\u00f3n sobre:<\/p>\n<p>Que estas decisiones est\u00e9n siendo tomadas sin la debida reflexi\u00f3n que permita la evaluaci\u00f3n del impacto sobre el sistema de garant\u00edas de derechos en el que se sustenta nuestra sociedad, ni de su\u00a0<strong>repercusi\u00f3n sobre los ciudadanos m\u00e1s d\u00e9biles a los que tambi\u00e9n el Estado debe garantizar sus derechos fundamentales,<\/strong>\u00a0ya que afecta a un cambio de modelo que\u00a0<strong>desprotege a\u00fan m\u00e1s si cabe a las persona m\u00e1s vulnerables<\/strong>.<\/p>\n<p>C\u00e1ritas quiere mostrar su<strong>\u00a0honda preocupaci\u00f3n por el impacto que va a tener en las personas a las que acompa\u00f1a la aplicaci\u00f3n de esta medida<\/strong>, sobre la que tambi\u00e9n se ha manifestado C\u00e1ritas Europa y otras organizaciones en la declaraci\u00f3n \u00abEl acceso a la asistencia sanitaria es un derecho humano b\u00e1sico\u00bb.<\/p>\n<p>Seguimos pensando, como ya dijimos, que<strong>\u00a0supone un cambio de modelo que afecta fundamentalmente a las personas m\u00e1s desprotegidas<\/strong>, tanto a ciudadanos espa\u00f1oles\u00a0como a ciudadanos comunitarios (modificando los requisitos para obtener autorizaci\u00f3n de residencia), aumentando la estigmatizaci\u00f3n de los colectivos m\u00e1s vulnerables y con mayor riesgo de exclusi\u00f3n social (como j\u00f3venes desempleados, personas afectadas por enfermedades infecto-contagiosas, personas con discapacidad, enfermos de entornos rurales), as\u00ed como de los ciudadanos extracomunitarios en situaci\u00f3n irregular.<\/p>\n<p><strong>La exclusi\u00f3n del sistema sanitario de las personas migrantes en situaci\u00f3n irregular va a a\u00f1adir un sufrimiento muy severo a un colectivo especialmente vulnerable\u00a0<\/strong>y muy presente en la acci\u00f3n diaria de C\u00e1ritas, que no puede ser sacrificado con el argumento de la eficiencia. El incremento de la irregularidad sobrevenida por la falta\u00a0de empleo y la dificultad en la renovaci\u00f3n de autorizaciones o de acceso al arraigo hace que el colectivo de personas en esta situaci\u00f3n crezca cada d\u00eda.<\/p>\n<p>En lugar de favorecer la articulaci\u00f3n de una sociedad de acogida, integrada y diversa,<strong>estas medidas alimentan un discurso reduccionista y lleno de riesgos, seg\u00fan el cual las personas migrantes que conviven y forman parte de nuestras comunidades son los responsables del deterioro socioecon\u00f3mico actual<\/strong>, en vez de considerarlas las primeras y principales v\u00edctimas del mismo, tal y como lo comprobamos a diario en nuestros servicios de acogida y atenci\u00f3n.<\/p>\n<p>Pensamos que se trata del\u00a0<strong>inicio de una dualizaci\u00f3n del sistema sanitario, que supone ofrecer a los ciudadanos una cobertura distinta seg\u00fan el grupo de poblaci\u00f3n al que se pertenezca<\/strong>. Y se\u00f1alan que de manera no expl\u00edcita se est\u00e1n sentando las bases para que surja un sistema estatal paralelo de beneficencia para las personas m\u00e1s vulnerables, una f\u00f3rmula hacia la que C\u00e1ritas ha manifestado reiteradamente su rechazo al poner en cuesti\u00f3n la garant\u00eda\u00a0del respeto a los derechos humanos y el acceso igualitario a los servicios de atenci\u00f3n y asistencia socio-sanitaria en todo el territorio y para toda la poblaci\u00f3n, adem\u00e1s de poco realista en cuanto a la eficiencia y el ahorro.\u00bb<\/p>\n","protected":false},"excerpt":{"rendered":"<p>Texto del comunicado de C\u00e1ritas: \u00abC\u00e1ritas\u00a0insta al gobierno y partidos pol\u00edticos a una reflexi\u00f3n profunda sobre las consecuencias de las decisiones tomadas sobre el derecho a la salud y las consecuencias sobre el mismo del \u00abReal Decreto Ley 16\/2012, de 20 de abril, de medidas urgentes para garantizar la sostenibilidad del Sistema Nacional de Salud [&hellip;]<\/p>\n","protected":false},"author":1,"featured_media":0,"comment_status":"open","ping_status":"open","sticky":false,"template":"","format":"standard","meta":{"footnotes":""},"categories":[9],"tags":[],"class_list":["post-1362","post","type-post","status-publish","format-standard","hentry","category-noticias"],"_links":{"self":[{"href":"http:\/\/www.graduats.org\/wordpress\/wp-json\/wp\/v2\/posts\/1362","targetHints":{"allow":["GET"]}}],"collection":[{"href":"http:\/\/www.graduats.org\/wordpress\/wp-json\/wp\/v2\/posts"}],"about":[{"href":"http:\/\/www.graduats.org\/wordpress\/wp-json\/wp\/v2\/types\/post"}],"author":[{"embeddable":true,"href":"http:\/\/www.graduats.org\/wordpress\/wp-json\/wp\/v2\/users\/1"}],"replies":[{"embeddable":true,"href":"http:\/\/www.graduats.org\/wordpress\/wp-json\/wp\/v2\/comments?post=1362"}],"version-history":[{"count":0,"href":"http:\/\/www.graduats.org\/wordpress\/wp-json\/wp\/v2\/posts\/1362\/revisions"}],"wp:attachment":[{"href":"http:\/\/www.graduats.org\/wordpress\/wp-json\/wp\/v2\/media?parent=1362"}],"wp:term":[{"taxonomy":"category","embeddable":true,"href":"http:\/\/www.graduats.org\/wordpress\/wp-json\/wp\/v2\/categories?post=1362"},{"taxonomy":"post_tag","embeddable":true,"href":"http:\/\/www.graduats.org\/wordpress\/wp-json\/wp\/v2\/tags?post=1362"}],"curies":[{"name":"wp","href":"https:\/\/api.w.org\/{rel}","templated":true}]}}