{"id":1423,"date":"2012-10-04T09:01:27","date_gmt":"2012-10-04T07:01:27","guid":{"rendered":"http:\/\/graduats.wordpress.com\/?p=1423"},"modified":"2012-10-04T09:01:27","modified_gmt":"2012-10-04T07:01:27","slug":"fernando-sebastian-en-la-facultad-de-teologia","status":"publish","type":"post","link":"http:\/\/www.graduats.org\/wordpress\/fernando-sebastian-en-la-facultad-de-teologia\/","title":{"rendered":"Fernando Sebasti\u00e1n en la Facultad de Teolog\u00eda"},"content":{"rendered":"<p>El pr\u00f3ximo 10 de octubre, a las 11 de la ma\u00f1ana, en la Facultad de Teolog\u00eda (Trinitarios, 3) Fernando Sebasti\u00e1n impartir\u00e1 una conferencia titulada <a href=\"http:\/\/graduats.files.wordpress.com\/2012\/10\/fac-teologia_invitacion-c-vaticano-ii_121010_02_bj1.pdf\">\u00abEl concilio Vaticano II: su herencia y actualidad\u00bb<\/a>.<\/p>\n<p>&nbsp;<\/p>\n<p><a href=\"http:\/\/graduats.files.wordpress.com\/2012\/10\/fac-teologia_invitacion-c-vaticano-ii_121010_02_bj1.pdf\">\u00a0<\/a><\/p>\n","protected":false},"excerpt":{"rendered":"<p>El pr\u00f3ximo 10 de octubre, a las 11 de la ma\u00f1ana, en la Facultad de Teolog\u00eda (Trinitarios, 3) Fernando Sebasti\u00e1n impartir\u00e1 una conferencia titulada \u00abEl concilio Vaticano II: su herencia y actualidad\u00bb. &nbsp; \u00a0<\/p>\n","protected":false},"author":1,"featured_media":0,"comment_status":"open","ping_status":"open","sticky":false,"template":"","format":"standard","meta":{"footnotes":""},"categories":[11,9],"tags":[],"class_list":["post-1423","post","type-post","status-publish","format-standard","hentry","category-convocatorias","category-noticias"],"_links":{"self":[{"href":"http:\/\/www.graduats.org\/wordpress\/wp-json\/wp\/v2\/posts\/1423","targetHints":{"allow":["GET"]}}],"collection":[{"href":"http:\/\/www.graduats.org\/wordpress\/wp-json\/wp\/v2\/posts"}],"about":[{"href":"http:\/\/www.graduats.org\/wordpress\/wp-json\/wp\/v2\/types\/post"}],"author":[{"embeddable":true,"href":"http:\/\/www.graduats.org\/wordpress\/wp-json\/wp\/v2\/users\/1"}],"replies":[{"embeddable":true,"href":"http:\/\/www.graduats.org\/wordpress\/wp-json\/wp\/v2\/comments?post=1423"}],"version-history":[{"count":0,"href":"http:\/\/www.graduats.org\/wordpress\/wp-json\/wp\/v2\/posts\/1423\/revisions"}],"wp:attachment":[{"href":"http:\/\/www.graduats.org\/wordpress\/wp-json\/wp\/v2\/media?parent=1423"}],"wp:term":[{"taxonomy":"category","embeddable":true,"href":"http:\/\/www.graduats.org\/wordpress\/wp-json\/wp\/v2\/categories?post=1423"},{"taxonomy":"post_tag","embeddable":true,"href":"http:\/\/www.graduats.org\/wordpress\/wp-json\/wp\/v2\/tags?post=1423"}],"curies":[{"name":"wp","href":"https:\/\/api.w.org\/{rel}","templated":true}]}}