{"id":1430,"date":"2012-10-12T07:25:06","date_gmt":"2012-10-12T05:25:06","guid":{"rendered":"http:\/\/graduats.wordpress.com\/?p=1430"},"modified":"2012-10-12T07:25:06","modified_gmt":"2012-10-12T05:25:06","slug":"mesa-por-la-discapacidad","status":"publish","type":"post","link":"http:\/\/www.graduats.org\/wordpress\/mesa-por-la-discapacidad\/","title":{"rendered":"Mesa por la discapacidad"},"content":{"rendered":"<p style=\"text-align:justify;\"><a href=\"http:\/\/graduats.files.wordpress.com\/2012\/10\/discapacidad.png\"><img loading=\"lazy\" decoding=\"async\" class=\"alignleft size-full wp-image-1434\" title=\"discapacidad\" alt=\"\" src=\"http:\/\/graduats.files.wordpress.com\/2012\/10\/discapacidad.png\" height=\"301\" width=\"325\" \/><\/a>Desde hace muchos a\u00f1os las organizaciones de la discapacidad venimos desarrollando la funci\u00f3n de prestar atenci\u00f3n y apoyo a las personas con discapacidad para mejorar la calidad de sus vidas y de sus familias. Nos mueve la consecuci\u00f3n real de los derechos de las personas con discapacidad como ciudadanas y ciudadanos que son.<\/p>\n<p style=\"text-align:justify;\">Quienes formamos la Mesa por la Discapacidad, somos entidades sin \u00e1nimo de lucro que gestionamos los centros y ofrecemos servicios y programas para personas con discapacidad intelectual. Nuestra financiaci\u00f3n depende, en su mayor parte, de los conciertos y las subvenciones que recibimos anualmente de la Generalitat Valenciana y de otras administraciones locales; pero tambi\u00e9n de los recursos econ\u00f3micos privados que cada entidad consigue de familias, socios colaboradores y fundaciones sociales diversas.<\/p>\n<p style=\"text-align:justify;\">La Generalitat nos adeuda m\u00e1s de 15 millones de euros, s\u00f3lo de la Conseller\u00eda de Bienestar Social, a lo que hay que sumar la deuda de las Conseller\u00edas de Educaci\u00f3n, Sanidad o Empleo, que han puesto a la inmensa mayor\u00eda de las entidades al borde del colapso. El incumplimiento por parte de la Generalitat de la financiaci\u00f3n comprometida con las entidades ha obligado a \u00e9stas a un mayor endeudamiento por las p\u00f3lizas de cr\u00e9dito firmadas y agotadas. Esta situaci\u00f3n se agrava adem\u00e1s por los recargos que deberemos pagar al haber aplazado las cotizaciones a la Seguridad Social, el IRPF y los intereses de nuevos pr\u00e9stamos que muchas veces ya no nos dan. Todo esto nos ha conducido a deber a nuestros trabajadores varias n\u00f3minas, a no poder prestar todos los servicios para las personas con discapacidad, a deber a proveedores e incluso a vernos en puertas de tener que cerrar los centros de atenci\u00f3n a personas con discapacidad.<\/p>\n<p style=\"text-align:justify;\"><b>Las personas con discapacidad y sus familias, los profesionales y voluntarios, los dirigentes y la sociedad que nos respalda queremos decir:<\/b><\/p>\n<p style=\"text-align:justify;\">&#8211; Que <b>las dificultades no son nuevas para nosotros<\/b>, nos hemos enfrentado a ellas y las hemos superado, desde nuestro nacimiento y seguiremos haci\u00e9ndolo.<\/p>\n<p style=\"text-align:justify;\">&#8211; Que las personas y las organizaciones que formamos el sector de la discapacidad somos las primeras que <b>estamos arrimando el hombro en esta crisis<\/b>, poniendo un esfuerzo extra, sacrific\u00e1ndonos para que no afecte a nuestra gente, y para cumplir con una responsabilidad que corresponde en \u00faltima instancia al Estado, y que \u00e9ste nos ha derivado.<\/p>\n<p style=\"text-align:justify;\">&#8211; Que <b>vamos a permanecer unidos<\/b> en estas circunstancias de extrema dificultad.<\/p>\n<p style=\"text-align:justify;\">&#8211; Que vamos a decir, alto y claro, que los <b>recortes e impagos suponen una flagrante vulneraci\u00f3n de derechos<\/b> reconocidos en la Constituci\u00f3n Espa\u00f1ola y en la Convenci\u00f3n de la ONU sobre derechos de las personas con discapacidad.<\/p>\n<p style=\"text-align:justify;\"><b>&#8211; Que lo que reclamamos, no es s\u00f3lo dinero<\/b>, es una cuesti\u00f3n de derechos, de inclusi\u00f3n social, de igualdad de oportunidades\u2026 En definitiva, de ciudadan\u00eda para nosotros y para el resto de colectivos en riesgo de exclusi\u00f3n con los que nos solidarizamos.<\/p>\n<p style=\"text-align:justify;\">&#8211; Que <b>no estamos dispuestos a abandonar nuestra reivindicaci\u00f3n: <\/b>corremos el riesgo de retroceder d\u00e9cadas, de acabar con todo lo conseguido tras vidas enteras de trabajo, reivindicaci\u00f3n y esfuerzo, y volver a ser ciudadanos de segunda. Que tenemos millones de razones para continuar. No vamos a permanecer impasibles mientras una sola persona con discapacidad se encuentre en una situaci\u00f3n que le aboque a la marginaci\u00f3n o a la pobreza.<\/p>\n<p style=\"text-align:justify;\">&#8211; Que <b>nuestra reivindicaci\u00f3n es tarea de todos los ciudadanos y ciudadanas de este pa\u00eds<\/b>, porque la sociedad que queremos es una sociedad de personas, una sociedad m\u00e1s justa y solidaria para todas ellas. Por todo ello, hacemos un llamamiento a los ciudadanos y ciudadanas para que se unan a nuestra reivindicaci\u00f3n.<\/p>\n<p style=\"text-align:justify;\">No podemos aguantar m\u00e1s la situaci\u00f3n de impago de la Generalitat y exigimos:<\/p>\n<ul>\n<li style=\"text-align:justify;\">El pago inmediato a todos los centros y servicios del sector de la Discapacidad por parte de todas las Consellerias que nos adeudan, Bienestar Social, Sanidad, Educaci\u00f3n, Empleo\u2026<\/li>\n<li style=\"text-align:justify;\">Un plan extraordinario por parte de la Generalitat Valenciana para financiar a nuestras entidades, que con calidad, transparencia, austeridad y exigencia cient\u00edfica prestan y desarrollan una funci\u00f3n social.<\/li>\n<li style=\"text-align:justify;\">El cumplimiento de los compromisos adquiridos por la Generalitat, as\u00ed como las leyes y \u00f3rdenes que le competen.<\/li>\n<li style=\"text-align:justify;\">No podemos rebajar los actuales est\u00e1ndares de calidad en la prestaci\u00f3n de servicios, traducidos en ratios de personal y m\u00f3dulos econ\u00f3micos, pues de lo contrarios no ser\u00eda posible cubrir las necesidades que las personas a la que atendemos presentan, produci\u00e9ndose no solo una falta de avance, sino un doloroso retroceso, reflejo de la grave injusticia que supondr\u00eda no garantizar estos apoyos.<\/li>\n<\/ul>\n<p>En la prensa: <a href=\"http:\/\/ccaa.elpais.com\/ccaa\/2012\/10\/11\/valencia\/1349952334_005226.html\" target=\"_blank\">El Pa\u00eds<\/a>, <a href=\"http:\/\/www.levante-emv.com\/comunitat-valenciana\/2012\/10\/11\/discapacitados-claman-consell-cobrar-deuda\/943302.html\" target=\"_blank\">Levante<\/a>, <a href=\"http:\/\/www.lasprovincias.es\/v\/20121012\/comunitat\/centros-atencion-para-discapacitados-20121012.html\" target=\"_blank\">Las Provincias<\/a>.<a href=\"http:\/\/graduats.files.wordpress.com\/2012\/10\/discapacidad2.png\"><img loading=\"lazy\" decoding=\"async\" class=\"alignleft size-full wp-image-1437\" title=\"discapacidad2\" alt=\"\" src=\"http:\/\/graduats.files.wordpress.com\/2012\/10\/discapacidad2.png\" height=\"314\" width=\"630\" \/><\/a><\/p>\n","protected":false},"excerpt":{"rendered":"<p>Desde hace muchos a\u00f1os las organizaciones de la discapacidad venimos desarrollando la funci\u00f3n de prestar atenci\u00f3n y apoyo a las personas con discapacidad para mejorar la calidad de sus vidas y de sus familias. Nos mueve la consecuci\u00f3n real de los derechos de las personas con discapacidad como ciudadanas y ciudadanos que son. Quienes formamos [&hellip;]<\/p>\n","protected":false},"author":1,"featured_media":1434,"comment_status":"open","ping_status":"open","sticky":false,"template":"","format":"standard","meta":{"footnotes":""},"categories":[9,14],"tags":[],"class_list":["post-1430","post","type-post","status-publish","format-standard","has-post-thumbnail","hentry","category-noticias","category-reflexiones"],"_links":{"self":[{"href":"http:\/\/www.graduats.org\/wordpress\/wp-json\/wp\/v2\/posts\/1430","targetHints":{"allow":["GET"]}}],"collection":[{"href":"http:\/\/www.graduats.org\/wordpress\/wp-json\/wp\/v2\/posts"}],"about":[{"href":"http:\/\/www.graduats.org\/wordpress\/wp-json\/wp\/v2\/types\/post"}],"author":[{"embeddable":true,"href":"http:\/\/www.graduats.org\/wordpress\/wp-json\/wp\/v2\/users\/1"}],"replies":[{"embeddable":true,"href":"http:\/\/www.graduats.org\/wordpress\/wp-json\/wp\/v2\/comments?post=1430"}],"version-history":[{"count":0,"href":"http:\/\/www.graduats.org\/wordpress\/wp-json\/wp\/v2\/posts\/1430\/revisions"}],"wp:featuredmedia":[{"embeddable":true,"href":"http:\/\/www.graduats.org\/wordpress\/wp-json\/"}],"wp:attachment":[{"href":"http:\/\/www.graduats.org\/wordpress\/wp-json\/wp\/v2\/media?parent=1430"}],"wp:term":[{"taxonomy":"category","embeddable":true,"href":"http:\/\/www.graduats.org\/wordpress\/wp-json\/wp\/v2\/categories?post=1430"},{"taxonomy":"post_tag","embeddable":true,"href":"http:\/\/www.graduats.org\/wordpress\/wp-json\/wp\/v2\/tags?post=1430"}],"curies":[{"name":"wp","href":"https:\/\/api.w.org\/{rel}","templated":true}]}}