{"id":1441,"date":"2012-10-21T12:21:27","date_gmt":"2012-10-21T10:21:27","guid":{"rendered":"http:\/\/graduats.wordpress.com\/?p=1441"},"modified":"2012-10-21T12:21:27","modified_gmt":"2012-10-21T10:21:27","slug":"asamblea-de-inicio-de-curso","status":"publish","type":"post","link":"http:\/\/www.graduats.org\/wordpress\/asamblea-de-inicio-de-curso\/","title":{"rendered":"Asamblea de Inicio de Curso"},"content":{"rendered":"<p>El 20 de octubre celebramos en el colegio del Patriarca nuestra asamblea de inicio de curso. Tras la oraci\u00f3n, como casi todos los equipos ya han tenido la primera reuni\u00f3n, pusimos en com\u00fan lo reflexionado. Tambi\u00e9n dimos la bienvenida a Mar\u00eda Victoria que se ha incorporado al grupo de Graduados. Revisamos el funcionamiento de las reuniones, la conveniencia de que sean lugar de interpelaci\u00f3n sobre nuestro compromiso. Se insisti\u00f3 en que aprovech\u00e1ramos m\u00e1s nuestra vinculaci\u00f3n a Profesionales Cristianos.<\/p>\n<p><a href=\"http:\/\/graduats.files.wordpress.com\/2012\/10\/278.jpeg\"><img loading=\"lazy\" decoding=\"async\" class=\"alignright  wp-image-1454\" title=\"278\" alt=\"\" src=\"http:\/\/graduats.files.wordpress.com\/2012\/10\/278.jpeg\" height=\"210\" width=\"139\" \/><\/a><\/p>\n<p>Algunos equipos utilizaremos como material de apoyo para las reuniones el texto: <em>El impulso del esp\u00edritu. Guia para una lectura comunitaria de los Hechos de los Ap\u00f3stoles<\/em>, Ed. Verbo Divino, Estella, 2005. Tambi\u00e9n se recomend\u00f3 ir leyendo <em>Para m\u00ed la vida es Cristo. Acompa\u00f1amos a Jes\u00fas en su misi\u00f3n<\/em>, del Itinerario Diocesano de Renovaci\u00f3n (2010-2014), n\u00ba. 3.1, ed. Arzobispado de Valencia.<\/p>\n<p>Este a\u00f1o celebramos el cincuenta aniversario de la celebraci\u00f3n del Concilio Vaticano II. Tendremos una sesi\u00f3n con Daniel Pla y tambi\u00e9n est\u00e1 previsto acudir a la sesi\u00f3n que organiza el Forum Cristianisme i m\u00f3n d&#8217;avui. Lo compaginaremos con las sesiones del seminario.<\/p>\n<p><a href=\"http:\/\/graduats.files.wordpress.com\/2012\/10\/asamblea2012b.png\"><img loading=\"lazy\" decoding=\"async\" class=\"alignleft  wp-image-1449\" style=\"margin:10px;\" title=\"asamblea2012b\" alt=\"\" src=\"http:\/\/graduats.files.wordpress.com\/2012\/10\/asamblea2012b.png\" height=\"157\" width=\"307\" \/><\/a><\/p>\n<p>El Seminario de Formaci\u00f3n lleva por t\u00edtulo: <em>Literatura y cristianismo. <\/em>Hemos previsto tres sesiones<em>: El silencio de Dios, <\/em><em>La esperanza humana <\/em>y <em>La esperanza en Dios. <\/em><\/p>\n<p>Tambi\u00e9n programamos el resto de actividades, que se pueden ver en el calendario.<\/p>\n<p>Tras la sesi\u00f3n de trabajo realizamos un recorrido guiado por Juan Jos\u00e9 Garrido por el colegio del Patriarca. Vimos la sala de los tapices, la rectoral (con sus habas para las votaciones y los cuadernos de grabados chinos), parte de la biblioteca de los siglos XVII a XIX, el antecoro y el coro, el impresionante archivo de protocolos, la formidable biblioteca del santo y alguna de las joyas del colegio: el manuscrito de Tom\u00e1s Moro escrito en la Torre de Londres antes de ser ejecutado y el libro de horas de Felipe el Hermoso. Luego, celebramos la Eucarist\u00eda y terminamos con una comida en el refectorio donde aprovechamos para celebrar los cumplea\u00f1os de Julia, Carmen y Mar\u00eda Jos\u00e9.<\/p>\n<p><a title=\"Asamblea de inicio de curso 2012-2013\" href=\"https:\/\/plus.google.com\/photos\/107000737713827447579\/albums\/5801696764638736401?authkey=CPum_POxgIjTfg\" target=\"_blank\">Algunas fotograf\u00edas<\/a>, cortes\u00eda de Lluis.<\/p>\n<p style=\"text-align:center;\">CALENDARIO<\/p>\n<table>\n<tbody>\n<tr>\n<td>\n<p style=\"text-align:center;\"><span style=\"color:#800000;\">Fecha<\/span><\/p>\n<\/td>\n<td>\n<p style=\"text-align:center;\"><span style=\"color:#800000;\">Asunto<\/span><\/p>\n<\/td>\n<td>\n<p style=\"text-align:center;\"><span style=\"color:#800000;\">Lugar<\/span><\/p>\n<\/td>\n<\/tr>\n<tr>\n<td>10 \u00f3 17 de noviembre de 2012<\/td>\n<td>Daniel Pla. 50 a\u00f1os del Concilio Vaticano II.<\/td>\n<td>Colegio del Patriarca<\/td>\n<\/tr>\n<tr>\n<td>1 de diciembre de 2012<\/td>\n<td>Forum Cristianisme i m\u00f3n d&#8217;avui. 50 a\u00f1os del Concilio Vaticano II<\/td>\n<td>Sal\u00f3n de actos del Colegio San Jos\u00e9 de Calasanz. (C\/ Micer Masc\u00f3, 5, Valencia)<\/td>\n<\/tr>\n<tr>\n<td>16 de diciembre de 2012<\/td>\n<td>Retiro de Navidad.<\/td>\n<td>Colegio del Patriarca<\/td>\n<\/tr>\n<tr>\n<td>26 de enero de 2013<\/td>\n<td>Seminario 1\u00aa sesi\u00f3n: El silencio de Dios. Jorge.<\/td>\n<td>Colegio del Patriarca<\/td>\n<\/tr>\n<tr>\n<td>13 de febrero de 2013<\/td>\n<td>Mi\u00e9rcoles de Ceniza.<\/td>\n<td>Parroquia de San Mateo.<\/td>\n<\/tr>\n<tr>\n<td>23 de febrero de 2013<\/td>\n<td>Seminario 2\u00aa sesi\u00f3n: La esperanza humana. Patrici y Ana.<\/td>\n<td>Colegio del Patriarca<\/td>\n<\/tr>\n<tr>\n<td>9-10 de marzo de 2013<\/td>\n<td>Ejercicios. Jornadas de reflexi\u00f3n.<\/td>\n<td>La Barraca de Aigues Vives<\/td>\n<\/tr>\n<tr>\n<td>24 de marzo de 2013<\/td>\n<td>Retiro del Domingo de Ramos.<\/td>\n<td>Colegio del Patriarca<\/td>\n<\/tr>\n<tr>\n<td>13 y 14 de abril de 2013<\/td>\n<td>Forum de Laicos.<\/td>\n<td><\/td>\n<\/tr>\n<tr>\n<td>27 de abril de 2013<\/td>\n<td>Seminario 3\u00aa sesi\u00f3n: La esperanza en Dios. Juan Jos\u00e9.<\/td>\n<td>Colegio del Patriarca<\/td>\n<\/tr>\n<tr>\n<td>25-26 de mayo de 2013<\/td>\n<td>Jornada de Estudios de Profesionales Cristianos.<\/td>\n<td>Madrid<\/td>\n<\/tr>\n<tr>\n<td>22 de junio de 2013<\/td>\n<td>Asamblea de final de curso.<\/td>\n<td>El Trozo (N\u00e1quera)<\/td>\n<\/tr>\n<\/tbody>\n<\/table>\n<pre><b>Oraci\u00f3n de comienzo de curso<\/b>\nSi yo fuera limpio de coraz\u00f3n descubrir\u00eda\u2026\n Que todos somos obra de Dios, llevamos algo de bueno en el coraz\u00f3n.\n Que todos valemos la pena, y nos queda algo de la imagen de Dios.\n Que a todos hay que darles otra oportunidad.\n Que todos somos dignos de amor, justicia, libertad, perd\u00f3n.\n Que todos somos dignos de compasi\u00f3n, respeto y de muchos derechos.\n Que todas las criaturas son mis hermanas.\n Que la creaci\u00f3n es obra maravillosa de Dios.\n Que no hay raz\u00f3n para levantar barreras, cerrar fronteras.\n Que no hay raz\u00f3n para ninguna clase de discriminaci\u00f3n.\n Que no hay raz\u00f3n para el fanatismo y para no dialogar con alguien.\n Que no hay raz\u00f3n para maldecir, juzgar y condenar a nadie.\n Que no hay raz\u00f3n para matar, ni para el racismo.\n Que los adolescentes tienen un caudal de planes, y los ni\u00f1os, de amor.\n Que todos los ancianos tienen un caudal de sabidur\u00eda, y los j\u00f3venes, de ideales.\n Que las mujeres tienen un caudal de fortaleza, y los enfermos, de paciencia.\n Que los pobres tienen un caudal de riqueza,\n y los discapacitados, de capacidades.\n Que hay raz\u00f3n para tender puentes, dar a todos la paz, trabajar por la paz,\n amar y defender la creaci\u00f3n.\n Que hay raz\u00f3n para ser hermanos y seguir siendo amigos.\n Que hay raz\u00f3n para sonre\u00edr a todos.\n Que hay raz\u00f3n para dar a todos los buenos d\u00edas, dar a todos la mano,\n intentar de nuevo hacerlo todo mejor.\n Que hay raz\u00f3n para seguir viviendo, para vivir en comunidad.\n Que hay raz\u00f3n para prestar un o\u00eddo a lo que dicen los dem\u00e1s.\n Que hay raz\u00f3n para servir, amar, sufrir.\n Que hay raz\u00f3n para muchas cosas m\u00e1s.<\/pre>\n<p><img loading=\"lazy\" decoding=\"async\" class=\"alignleft  wp-image-1448\" title=\"asamblea2012a\" alt=\"\" src=\"http:\/\/graduats.files.wordpress.com\/2012\/10\/asamblea2012a.png\" height=\"216\" width=\"307\" \/><\/p>\n","protected":false},"excerpt":{"rendered":"<p>El 20 de octubre celebramos en el colegio del Patriarca nuestra asamblea de inicio de curso. Tras la oraci\u00f3n, como casi todos los equipos ya han tenido la primera reuni\u00f3n, pusimos en com\u00fan lo reflexionado. Tambi\u00e9n dimos la bienvenida a Mar\u00eda Victoria que se ha incorporado al grupo de Graduados. Revisamos el funcionamiento de las [&hellip;]<\/p>\n","protected":false},"author":1,"featured_media":1448,"comment_status":"open","ping_status":"open","sticky":false,"template":"","format":"standard","meta":{"footnotes":""},"categories":[9],"tags":[],"class_list":["post-1441","post","type-post","status-publish","format-standard","has-post-thumbnail","hentry","category-noticias"],"_links":{"self":[{"href":"http:\/\/www.graduats.org\/wordpress\/wp-json\/wp\/v2\/posts\/1441","targetHints":{"allow":["GET"]}}],"collection":[{"href":"http:\/\/www.graduats.org\/wordpress\/wp-json\/wp\/v2\/posts"}],"about":[{"href":"http:\/\/www.graduats.org\/wordpress\/wp-json\/wp\/v2\/types\/post"}],"author":[{"embeddable":true,"href":"http:\/\/www.graduats.org\/wordpress\/wp-json\/wp\/v2\/users\/1"}],"replies":[{"embeddable":true,"href":"http:\/\/www.graduats.org\/wordpress\/wp-json\/wp\/v2\/comments?post=1441"}],"version-history":[{"count":0,"href":"http:\/\/www.graduats.org\/wordpress\/wp-json\/wp\/v2\/posts\/1441\/revisions"}],"wp:featuredmedia":[{"embeddable":true,"href":"http:\/\/www.graduats.org\/wordpress\/wp-json\/"}],"wp:attachment":[{"href":"http:\/\/www.graduats.org\/wordpress\/wp-json\/wp\/v2\/media?parent=1441"}],"wp:term":[{"taxonomy":"category","embeddable":true,"href":"http:\/\/www.graduats.org\/wordpress\/wp-json\/wp\/v2\/categories?post=1441"},{"taxonomy":"post_tag","embeddable":true,"href":"http:\/\/www.graduats.org\/wordpress\/wp-json\/wp\/v2\/tags?post=1441"}],"curies":[{"name":"wp","href":"https:\/\/api.w.org\/{rel}","templated":true}]}}