{"id":1518,"date":"2012-10-30T11:15:38","date_gmt":"2012-10-30T09:15:38","guid":{"rendered":"http:\/\/graduats.wordpress.com\/?p=1518"},"modified":"2012-10-30T11:15:38","modified_gmt":"2012-10-30T09:15:38","slug":"vatica-ii-herencia-i-crida-profetica","status":"publish","type":"post","link":"http:\/\/www.graduats.org\/wordpress\/vatica-ii-herencia-i-crida-profetica\/","title":{"rendered":"Vatic\u00e0 II: Her\u00e8ncia i Crida Prof\u00e8tica"},"content":{"rendered":"<h3><strong><span style=\"color:#800000;\">F\u00f2rum Cristianisme i m\u00f3n d&#8217;avui.-\u00a0<\/span><\/strong><\/h3>\n<pre>Jornada conmemorativa de los 50 a\u00f1os del Concilio Vaticano II. <!--more-->\n S\u00e1bado, 1 de diciembre de 2012.\n Sal\u00f3n de Actos del colegio San Jos\u00e9 de Calasanz.\n (c\/Micer Masc\u00f3, 5, Valencia).<\/pre>\n<p><strong><a href=\"http:\/\/graduats.files.wordpress.com\/2012\/10\/dic3acptic-jornada1.pdf\">D\u00ecptic Jornada<\/a><\/strong><\/p>\n","protected":false},"excerpt":{"rendered":"<p>F\u00f2rum Cristianisme i m\u00f3n d&#8217;avui.-\u00a0 Jornada conmemorativa de los 50 a\u00f1os del Concilio Vaticano II.<\/p>\n","protected":false},"author":1,"featured_media":0,"comment_status":"open","ping_status":"open","sticky":false,"template":"","format":"standard","meta":{"footnotes":""},"categories":[11,9],"tags":[],"class_list":["post-1518","post","type-post","status-publish","format-standard","hentry","category-convocatorias","category-noticias"],"_links":{"self":[{"href":"http:\/\/www.graduats.org\/wordpress\/wp-json\/wp\/v2\/posts\/1518","targetHints":{"allow":["GET"]}}],"collection":[{"href":"http:\/\/www.graduats.org\/wordpress\/wp-json\/wp\/v2\/posts"}],"about":[{"href":"http:\/\/www.graduats.org\/wordpress\/wp-json\/wp\/v2\/types\/post"}],"author":[{"embeddable":true,"href":"http:\/\/www.graduats.org\/wordpress\/wp-json\/wp\/v2\/users\/1"}],"replies":[{"embeddable":true,"href":"http:\/\/www.graduats.org\/wordpress\/wp-json\/wp\/v2\/comments?post=1518"}],"version-history":[{"count":0,"href":"http:\/\/www.graduats.org\/wordpress\/wp-json\/wp\/v2\/posts\/1518\/revisions"}],"wp:attachment":[{"href":"http:\/\/www.graduats.org\/wordpress\/wp-json\/wp\/v2\/media?parent=1518"}],"wp:term":[{"taxonomy":"category","embeddable":true,"href":"http:\/\/www.graduats.org\/wordpress\/wp-json\/wp\/v2\/categories?post=1518"},{"taxonomy":"post_tag","embeddable":true,"href":"http:\/\/www.graduats.org\/wordpress\/wp-json\/wp\/v2\/tags?post=1518"}],"curies":[{"name":"wp","href":"https:\/\/api.w.org\/{rel}","templated":true}]}}