{"id":1597,"date":"2012-12-04T10:09:43","date_gmt":"2012-12-04T08:09:43","guid":{"rendered":"http:\/\/graduats.wordpress.com\/?p=1597"},"modified":"2012-12-04T10:09:43","modified_gmt":"2012-12-04T08:09:43","slug":"otra-vez-discapacidad","status":"publish","type":"post","link":"http:\/\/www.graduats.org\/wordpress\/otra-vez-discapacidad\/","title":{"rendered":"Otra vez: discapacidad"},"content":{"rendered":"<p><b>Breve cr\u00f3nica, desde dentro, de una manifestaci\u00f3n: <i>LA DISCAPACIDAD<\/i>.<\/b><\/p>\n<p style=\"text-align:justify;\">Otra vez -una m\u00e1s-, ha salido a la calle <i>\u201cel mundo de la discapacidad\u201d<\/i>. No parece divertido para nadie: ni para los ciudadanos que ven molestada una circulaci\u00f3n normal, ni para los cuerpos de seguridad que no parecen saber muy bien qu\u00e9 hacen ah\u00ed como si las personas discapacitadas representaran alg\u00fan peligro para la seguridad ciudadana. Y estoy convencido de que nuestros representantes en las instituciones p\u00fablicas ya est\u00e1n muy acostumbrados y convencidos de que eso \u201cva con el sueldo\u201d; y no les preocupa en absoluto.<!--more--><\/p>\n<p style=\"text-align:justify;\">Nosotros mismos preferir\u00edamos estar haciendo \u201clo nuestro\u201d: dedicados a las labores de un Centro Ocupacional, a la atenci\u00f3n personalizada de las personas que nos encomiendan las familias, a llevar adelante un trabajo en el centro educativo o sumergidos en el estudio de las mejores estrategias para <i>promover la autonom\u00eda personal o atenderles en su situaci\u00f3n de dependencia\u2026<\/i><\/p>\n<p style=\"text-align:justify;\">\u00a1Qu\u00e9 bien sonaban estas palabras de la <a href=\"http:\/\/www.boe.es\/buscar\/doc.php?id=BOE-A-2006-21990\" target=\"_blank\"><i>Ley 39\/2006, de 14 de diciembre<\/i><\/a>\u2026 ! Recuerdo la \u201cceremonia solemne\u201d de su presentaci\u00f3n en sociedad en los locales del Jard\u00edn Bot\u00e1nico: eran otros tiempos. Y da la impresi\u00f3n de que, solo seis a\u00f1os despu\u00e9s, todo lo que ellas promet\u00edan en la boca de la clase pol\u00edtica se lo ha llevado el viento, disfrazado entre nubes o derivas de la llamada \u201ccrisis econ\u00f3mica\u201d. Aunque sin poder disimular lo que hay por debajo de ella: una \u201cfilosof\u00eda diferente\u201d, un modo muy distinto de entender la interacci\u00f3n de los variados sectores de la sociedad. Otra forma de entender \u201clos derechos\u201d, la educaci\u00f3n, la salud, las pensiones, la cultura. Y, en concreto, la relaci\u00f3n entre las personas que tienen dificultades para ejercer sus derechos con autonom\u00eda personal y quienes deciden el modo como esos derechos pueden ser ejercidos.<\/p>\n<p style=\"text-align:justify;\">Ciertamente, vivimos una larga crisis y ya nadie discute la crudeza de una unas dificultades que alcanzan a muchos sectores de la sociedad. Pero ser\u00eda ser v\u00edctima de alg\u00fan tipo nuevo de \u201cdiscapacidad\u201d grave no darse cuenta de que no les est\u00e1 afectando del mismo modo ni con la misma crueldad a todas las personas de las que solemos decir que son iguales ante la ley, y que los derechos y las obligaciones en una sociedad democr\u00e1tica que tanto nos cost\u00f3 alcanzar son iguales para todos. Y que, si la Constituci\u00f3n del 78 sigue vigente, su art. 49 recuerda que\u00a0<i> los poderes p\u00fablicos realizar\u00e1n una pol\u00edtica de previsi\u00f3n, tratamiento, rehabilitaci\u00f3n e integraci\u00f3n de los disminuidos \u2026 con una atenci\u00f3n especializada \u2026 para el disfrute de los derechos del T\u00edtulo I, De los derechos y deberes fundamentales.\u00a0<\/i><\/p>\n<p style=\"text-align:justify;\">Hoy, a tres de diciembre, como \u201ccelebraci\u00f3n\u201d (\u00bf?) de <i>el d\u00eda de la discapacidad<\/i>, quienes\u00a0quer\u00edan hacer oir, esta vez por las calles de la ciudad de Valencia, su grito imperceptible eran ciegos, sordos, impedidos,\u2026 y <i>los \u00faltimos de los \u00faltimos<\/i>: <i>las personas con discapacidad intelectual.<\/i> Personas, en definitiva, cuyo presente y futuro depende fundamentalmente de nuestras manos. Y a todos ellos les acompa\u00f1aban sus familias, las asociaciones que ellas han creado como iniciativa social, las personas que ofrecen su colaboraci\u00f3n de voluntariado, los trabajadores que no solo soportan meses sin sueldo, sino que constatan que su puesto de trabajo est\u00e1 a punto de desaparecer, a la vista de los presupuestos para el pr\u00f3ximo ejercicio y lo que est\u00e1 pasando estos \u00faltimos a\u00f1os en nuestra comunidad.<\/p>\n<p style=\"text-align:justify;\">Es verdad lo de la crisis. Pero quiz\u00e1 convenga recordar que su aparici\u00f3n no ha sido \u201ccasual\u201d, sino que tiene un origen \u201ccausal\u201d, por m\u00e1s que algunos pretendan disimularlo con mil y un pretextos diferentes que cada uno interpreta a su manera y en defensa de sus intereses pol\u00edticos o ideol\u00f3gicos.<\/p>\n<p style=\"text-align:justify;\">Y hasta tendremos que aceptar que son necesarios algunos \u201crecortes\u201d (ll\u00e1meseles como se les llame). Pero es responsabilidad -de los pol\u00edticos que los fijan- establecer \u201cprioridades\u201d (para recortar o empeque\u00f1ecer)\u00a0 que -me atrevo a decir con toda humildad y respeto- no deber\u00edan cebarse, como lo est\u00e1n haciendo, en quienes, sin duda alguna, no son responsables de lo que pasa. \u00bfO es que los diferentes colectivos de personas discapacitadas est\u00e1n en el origen de la crisis? Me temo que son infinitamente menos responsables que quienes dise\u00f1an las estrategias pol\u00edticas y urban\u00edsticas que deciden\u00a0 nuestros representantes legales; nada que ver con los \u201cteje-manejes\u201d de muchas instituciones bancarias; imposible pensar que hayan sido ellas las que se han apropiado de esos capitales que nadie sabe c\u00f3mo \u201cse han ido\u201d por m\u00e1s que la Justicia va en su busca: las personas con discapacidad intelectual no corren ni se esconden. Y aqu\u00ed hay mucho presunto delincuente escondido.<\/p>\n<p style=\"text-align:justify;\">Lo de menos es \u201ccontabilizar\u201d si la ma\u00f1ana de este lunes \u00e9ramos muchos o pocos. Lo que a m\u00ed m\u00e1s me ha sorprendido porque me daba mucha pena ha sido escuchar el grito de <i>\u201cHoy comemos; ma\u00f1ana, no sabemos\u201d<\/i>. Era el grito que, sobre todo, lanzaban las personas que hasta ahora vienen trabajando en alg\u00fan <i>Centro Especial de Empleo<\/i> cuya continuidad est\u00e1 en peligro. Tambi\u00e9n lo repet\u00edan los t\u00e9cnicos que est\u00e1n siendo apartados de los centros y engrosando el colectivo de desempleados.<\/p>\n<p style=\"text-align:justify;\">El desarrollo ha sido corto y breve: partiendo desde la Plaza del Temple, nos hemos dirigido -sin interrumpir en ning\u00fan momento la libre circulaci\u00f3n de veh\u00edculos y viandantes- hacia la entrada de <i>Les Corts Valencianes<\/i> donde se han exteriorizado las protestas con frases tan respetuosas como la de que no queremos <i>Ni un paso atr\u00e1s.<\/i><\/p>\n<p style=\"text-align:justify;\">La manifestaci\u00f3n ha concluido con tres breves parlamentos (la <a href=\"http:\/\/www.once.es\/new\" target=\"_blank\">Once<\/a>, el <a href=\"http:\/\/www.cermi.es\/\" target=\"_blank\">Cermi<\/a> y <a href=\"http:\/\/feapscv.org\/\" target=\"_blank\">FeapsCV<\/a>, por m\u00e1s que la presencia era mucho m\u00e1s amplia). Est\u00e1bamos junto a la fuente que honra las acequias que abastecen de agua a nuestra ciudad; en la emblem\u00e1tica plaza de la <i>Mare de D\u00e9u<\/i> donde hab\u00eda concentradas un mont\u00f3n de personas blandiendo banderitas blancas con la sencilla inscripci\u00f3n de <i>SOSdiscapacidad <\/i>y un mont\u00f3n de pegatinas en las que se hac\u00eda referencia a <i>Derechos, inclusi\u00f3n y bienestar a salvo. La discapacidad movilizada<\/i><\/p>\n<p style=\"text-align:justify;\">Ayer fue en Madrid, con la concentraci\u00f3n de casi 100.000 personas. Hoy ha sido en Valencia, con representantes de todas las comarcas\u00a0 de la Comunidad. Cerca estaba el Palau de la Generalitat, sede de quien ostenta la responsabilidad de las pol\u00edticas sociales; detr\u00e1s de nosotros -quiz\u00e1 oyendo bien lo que se dec\u00eda- el anciano <i>Tribunal de las Aguas;<\/i> no lejos, el Palau de les Corts, encargadas de legislar al respecto en beneficio de todos\u2026 Y, al lado mismo, la bas\u00edlica de la Mare de D\u00e9u con el significativo t\u00edtulo de \u201c<i>Mare dels desemparats\u201d.<\/i><\/p>\n<p style=\"text-align:justify;\">Es de esperar que alguna de las cuatro \u201cinstancias\u201d haya escuchado nuestras voces.<\/p>\n<p style=\"text-align:justify;\">Daniel Pl\u00e1, presidente de <a title=\"FUNDISVAL\" href=\"http:\/\/www.fundacionestutelares.org\/\" target=\"_blank\"><i>Fundisval<\/i><\/a><\/p>\n<p style=\"text-align:justify;\"><i>\u00a0 \u00a0 \u00a0 \u00a0 \u00a0 \u00a0 \u00a0 \u00a0 \u00a0 \u00a0 \u00a0 \u00a0 \u00a0 \u00a0 \u00a0 \u00a0 \u00a0 \u00a0 \u00a0 \u00a0 \u00a0 \u00a0 \u00a0 \u00a0 \u00a0 \u00a0 \u00a0 \u00a0 \u00a0 \u00a0 \u00a0 \u00a0 \u00a0 \u00a0 \u00a0 \u00a0 \u00a0 \u00a0 \u00a0 \u00a0 \u00a0 \u00a0 \u00a0 <\/i>Valencia, 3 diciembre 2012<\/p>\n","protected":false},"excerpt":{"rendered":"<p>Breve cr\u00f3nica, desde dentro, de una manifestaci\u00f3n: LA DISCAPACIDAD. Otra vez -una m\u00e1s-, ha salido a la calle \u201cel mundo de la discapacidad\u201d. No parece divertido para nadie: ni para los ciudadanos que ven molestada una circulaci\u00f3n normal, ni para los cuerpos de seguridad que no parecen saber muy bien qu\u00e9 hacen ah\u00ed como si [&hellip;]<\/p>\n","protected":false},"author":1,"featured_media":1602,"comment_status":"open","ping_status":"open","sticky":false,"template":"","format":"standard","meta":{"footnotes":""},"categories":[9,14],"tags":[],"class_list":["post-1597","post","type-post","status-publish","format-standard","has-post-thumbnail","hentry","category-noticias","category-reflexiones"],"_links":{"self":[{"href":"http:\/\/www.graduats.org\/wordpress\/wp-json\/wp\/v2\/posts\/1597","targetHints":{"allow":["GET"]}}],"collection":[{"href":"http:\/\/www.graduats.org\/wordpress\/wp-json\/wp\/v2\/posts"}],"about":[{"href":"http:\/\/www.graduats.org\/wordpress\/wp-json\/wp\/v2\/types\/post"}],"author":[{"embeddable":true,"href":"http:\/\/www.graduats.org\/wordpress\/wp-json\/wp\/v2\/users\/1"}],"replies":[{"embeddable":true,"href":"http:\/\/www.graduats.org\/wordpress\/wp-json\/wp\/v2\/comments?post=1597"}],"version-history":[{"count":0,"href":"http:\/\/www.graduats.org\/wordpress\/wp-json\/wp\/v2\/posts\/1597\/revisions"}],"wp:featuredmedia":[{"embeddable":true,"href":"http:\/\/www.graduats.org\/wordpress\/wp-json\/"}],"wp:attachment":[{"href":"http:\/\/www.graduats.org\/wordpress\/wp-json\/wp\/v2\/media?parent=1597"}],"wp:term":[{"taxonomy":"category","embeddable":true,"href":"http:\/\/www.graduats.org\/wordpress\/wp-json\/wp\/v2\/categories?post=1597"},{"taxonomy":"post_tag","embeddable":true,"href":"http:\/\/www.graduats.org\/wordpress\/wp-json\/wp\/v2\/tags?post=1597"}],"curies":[{"name":"wp","href":"https:\/\/api.w.org\/{rel}","templated":true}]}}