{"id":1654,"date":"2013-01-04T09:59:59","date_gmt":"2013-01-04T07:59:59","guid":{"rendered":"http:\/\/graduats.wordpress.com\/?p=1654"},"modified":"2013-01-04T09:59:59","modified_gmt":"2013-01-04T07:59:59","slug":"px-curso-2012-2013","status":"publish","type":"post","link":"http:\/\/www.graduats.org\/wordpress\/px-curso-2012-2013\/","title":{"rendered":"Profesionales Cristianos. curso 2012-2013"},"content":{"rendered":"<p><i>Queridos compa\u00f1eros y compa\u00f1eras PX:<\/i><\/p>\n<p style=\"text-align:justify;\"><i>Estamos ya en el tercer y \u00faltimo a\u00f1o del ciclo que venimos dedicando al tema de la laicidad y del compromiso en lo colectivo. Como cierre de este ciclo propon\u00edamos en la pasada sesi\u00f3n de estudios la elaboraci\u00f3n de una lectura creyente de nuestro compromiso en los espacios colectivos. Adem\u00e1s, como en la pr\u00f3xima sesi\u00f3n de estudios tendremos un espacio asambleario para decidir el tema que abordaremos en los siguientes tres a\u00f1os, decidimos en la Comisi\u00f3n General de septiembre dividir el curso en dos partes:<br \/>\n<\/i>&#8211; <i>De octubre a enero cerraremos el tema de lo colectivo haciendo la lectura creyente.<br \/>\n<\/i>&#8211; <i>De febrero a mayo profundizaremos en los grupos sobre el tema a abordar en el pr\u00f3ximo ciclo.<br \/>\n<\/i><i>El esquema de trabajo de esta primera parte es el siguiente y los 5 materiales mencionados en los medios van adjuntos en el mensaje:<br \/>\n<\/i><b><br \/>\nObjetivos espec\u00edficos<\/b><\/p>\n<p>&#8211; Sintetizar e interiorizar lo trabajado en los 2 \u00faltimos cursos<br \/>\n&#8211; Compartir en donde estamos en los espacios colectivos y si no estamos, \u00bfpor qu\u00e9?<\/p>\n<ul>\n<li><a href=\"https:\/\/dl.dropbox.com\/u\/141664\/PX%20trabajo%20curso%202012_2013\/01celaya.pdf\">Resumen de la Charla de Nacho Celaya en la pasada sesi\u00f3n de estudios.<\/a><\/li>\n<li><a href=\"https:\/\/dl.dropbox.com\/u\/141664\/PX%20trabajo%20curso%202012_2013\/02ver.pdf\">Aportaciones de todos los militantes al tema del curso pasado \u201c\u00bfpor qu\u00e9 y c\u00f3mo estar en lo colectivo?<\/a><\/li>\n<li><a href=\"https:\/\/dl.dropbox.com\/u\/141664\/PX%20trabajo%20curso%202012_2013\/03conclusiones.pdf\">Conclusiones de la sesi\u00f3n de estudio<\/a><\/li>\n<\/ul>\n<p>-Compartir cu\u00e1les son nuestras motivaciones desde el punto de vista humano y creyente para estar o no estar en los espacios colectivos.<br \/>\n-Elaborar una lectura creyente de mi compromiso en los espacios colectivos<\/p>\n<ul>\n<li><a href=\"https:\/\/dl.dropbox.com\/u\/141664\/PX%20trabajo%20curso%202012_2013\/04juzgar.pdf\">Juzgar sobre \u201cJes\u00fas y lo colectivo\u201d que elabor\u00f3 Jes\u00fas S\u00e1nchez (para los grupos que no lo hayan trabajado)<\/a><\/li>\n<li><a href=\"https:\/\/dl.dropbox.com\/u\/141664\/PX%20trabajo%20curso%202012_2013\/05esquema.pdf\">Compartir nuestra lectura creyente en los GRDV seg\u00fan el esquema que ha elaborado nuestro consiliario<\/a><\/li>\n<\/ul>\n<p><i>\u00a0<\/i><\/p>\n<p>Os deseamos buen trabajo.<br \/>\nEl equipo permanente<\/p>\n","protected":false},"excerpt":{"rendered":"<p>Queridos compa\u00f1eros y compa\u00f1eras PX: Estamos ya en el tercer y \u00faltimo a\u00f1o del ciclo que venimos dedicando al tema de la laicidad y del compromiso en lo colectivo. Como cierre de este ciclo propon\u00edamos en la pasada sesi\u00f3n de estudios la elaboraci\u00f3n de una lectura creyente de nuestro compromiso en los espacios colectivos. Adem\u00e1s, [&hellip;]<\/p>\n","protected":false},"author":1,"featured_media":1661,"comment_status":"open","ping_status":"open","sticky":false,"template":"","format":"standard","meta":{"footnotes":""},"categories":[13],"tags":[],"class_list":["post-1654","post","type-post","status-publish","format-standard","has-post-thumbnail","hentry","category-profesionales-cristianos"],"_links":{"self":[{"href":"http:\/\/www.graduats.org\/wordpress\/wp-json\/wp\/v2\/posts\/1654","targetHints":{"allow":["GET"]}}],"collection":[{"href":"http:\/\/www.graduats.org\/wordpress\/wp-json\/wp\/v2\/posts"}],"about":[{"href":"http:\/\/www.graduats.org\/wordpress\/wp-json\/wp\/v2\/types\/post"}],"author":[{"embeddable":true,"href":"http:\/\/www.graduats.org\/wordpress\/wp-json\/wp\/v2\/users\/1"}],"replies":[{"embeddable":true,"href":"http:\/\/www.graduats.org\/wordpress\/wp-json\/wp\/v2\/comments?post=1654"}],"version-history":[{"count":0,"href":"http:\/\/www.graduats.org\/wordpress\/wp-json\/wp\/v2\/posts\/1654\/revisions"}],"wp:featuredmedia":[{"embeddable":true,"href":"http:\/\/www.graduats.org\/wordpress\/wp-json\/"}],"wp:attachment":[{"href":"http:\/\/www.graduats.org\/wordpress\/wp-json\/wp\/v2\/media?parent=1654"}],"wp:term":[{"taxonomy":"category","embeddable":true,"href":"http:\/\/www.graduats.org\/wordpress\/wp-json\/wp\/v2\/categories?post=1654"},{"taxonomy":"post_tag","embeddable":true,"href":"http:\/\/www.graduats.org\/wordpress\/wp-json\/wp\/v2\/tags?post=1654"}],"curies":[{"name":"wp","href":"https:\/\/api.w.org\/{rel}","templated":true}]}}