{"id":1690,"date":"2013-03-11T10:25:52","date_gmt":"2013-03-11T08:25:52","guid":{"rendered":"http:\/\/graduats.wordpress.com\/?p=1690"},"modified":"2013-03-11T10:25:52","modified_gmt":"2013-03-11T08:25:52","slug":"rectors-del-dissabte-2","status":"publish","type":"post","link":"http:\/\/www.graduats.org\/wordpress\/rectors-del-dissabte-2\/","title":{"rendered":"Rectors del Dissabte"},"content":{"rendered":"<h2>Contra la corrupci\u00f3n.-<\/h2>\n<p>Aun estando en \u201cSede vacante\u201d, la vida cristiana contin\u00faa, porque la Iglesia no es el Papa. Los miembros\u00a0 del \u201cGrup de Rectors del Dissabte\u201d, ejerciendo nuestra responsabilidad pastoral con lealtad a las preocupaciones de nuestro pueblo y acompa\u00f1ando a quienes sufren injustamente,<\/p>\n<p>\u25ba\u00a0<strong>Manifestamos<\/strong>\u00a0nuestro apoyo a las movilizaciones ciudadanas que expresan la indignaci\u00f3n por las familias desahuciadas de sus viviendas, la gente joven desempleada y en el l\u00edmite de las relaciones sociales y las personas abocadas a sobrevivir gracias a los Bancos de Alimentos. Asimismo valoramos el trabajo de fiscales y jueces, periodistas e inspectores p\u00fablicos que se han comprometido en desvelar la corrupci\u00f3n. Junto a tales profesionales y a tantas hermanas y hermanos conscientes de la realidad, queremos contribuir decididamente, como comunidad cristiana, a moralizar la pol\u00edtica y la econom\u00eda, a vigilar los abusos econ\u00f3micos y sociales y a favorecer alternativas que abran caminos germinales a la solidaridad y se\u00f1alen capacidades en orden a la realizaci\u00f3n personal, la organizaci\u00f3n democr\u00e1tica y el bienestar colectivo. El mundo cristiano (a trav\u00e9s, sobre todo, de C\u00e1ritas) se ha unido al potencial humanizador despertado por la crisis, que est\u00e1 promoviendo la solidaridad c\u00edvica mediante campa\u00f1as de alimentos, comedores sociales, iniciativas de recogida de ropa, relaciones de ayuda, acciones en defensa de la poblaci\u00f3n inmigrante y del derecho a la salud, la educaci\u00f3n, el trabajo y la vivienda. Pero sobre todo, nos sentimos igualmente cercanos a todas las personas que, exigiendo la reconstrucci\u00f3n de los cimientos de la sociedad, apuestan por una nueva econom\u00eda, una nueva pol\u00edtica, una nueva cultura y un nuevo modo de vida.<\/p>\n<p>\u25ba\u00a0<strong>Apoyamos<\/strong>, con particular convicci\u00f3n, la protesta contra la corrupci\u00f3n pol\u00edtica y econ\u00f3mica protagonizada, con frecuencia, por las personas que generaron la crisis: especuladoras financieras o banqueras, gestoras de lo p\u00fablico o empresarias, evasoras de impuestos o dilapidadoras de dinero p\u00fablico en gastos privados y superfluos. El grito de la protesta ciudadana es nuestro grito; sus luchas, nuestras luchas; y sus anhelos, nuestros anhelos. En ellos resuena el mandato divino de \u201cno robar\u00e1s\u201d. Para la conciencia cristiana, donde hay corrupci\u00f3n se crean c\u00edrculos de muerte producidos por la avaricia, la acumulaci\u00f3n, la competitividad. Muere la confianza, se destruyen proyectos de vida, se deteriora la convivencia. La corrupci\u00f3n est\u00e1 desmoralizando la vida p\u00fablica y se ha convertido en un virus mutante que arrastra instituciones, corrompe conciencias, debilita la convivencia y destruye la democracia.<\/p>\n<p>\u25ba En nombre de quienes necesitan el dinero que no les est\u00e1 llegando, por haber sido robado,\u00a0<strong>exigimos<\/strong>\u00a0la devoluci\u00f3n de lo sustra\u00eddo. En nombre del alumnado que se forma en barracones que no se convertir\u00e1n en escuelas porque algunos se llevaron el dinero; en nombre de las ciudadanas y los ciudadanos que no pueden rehabilitarse de la drogadicci\u00f3n, de las personas ancianas que ven cerrarse sus residencias, de las paradas que ven reducidas sus prestaciones de supervivencia porque algunos pol\u00edticos malversaron los recursos p\u00fablicos; en nombre de las discapacitadas que ven cerrarse sus centros; en nombre de los pueblos del sur que han visto desviarse los fondos de la cooperaci\u00f3n, exigimos la devoluci\u00f3n de lo robado. En nombre de las familias desahuciadas por los abusos bancarios que llegan a provocar suicidios, exigimos la devoluci\u00f3n de lo robado.<\/p>\n<p>\u25ba La espiral de la corrupci\u00f3n ha encontrado en la Comunidad Valenciana su epicentro con tal densidad que ha invadido \u00e1mbitos tan sensibles como la cooperaci\u00f3n, los servicios sociales, la dependencia\u2026, sin detenerse siquiera ante los eventos religiosos. Como miembros de la Di\u00f3cesis valenciana, sentimos vernos implicados en lo que parece ser uno de los episodios m\u00e1s dolosos de la corrupci\u00f3n: el desv\u00edo de fondos p\u00fablicos en la organizaci\u00f3n de la visita del Papa a Val\u00e8ncia, que est\u00e1 siendo investigado judicialmente. La responsabilidad \u00e9tica y pastoral ante esta sombra que se cierne sobre la Iglesia valenciana,\u00a0<strong>nos urge a exigir<\/strong>, sin esperar la resoluci\u00f3n judicial, que quienes adquirieron el compromiso de gestionar y controlar los resultados del evento, den cuenta ya de los correspondientes ingresos y gastos; y que, de existir un m\u00ednimo atisbo de corrupci\u00f3n, se denuncie p\u00fablicamente.<\/p>\n<p>\u25ba\u00a0<strong>La situaci\u00f3n actual de corrupci\u00f3n interpela a la Iglesia en su conjunto<\/strong>; no podemos humanizar la crisis si somos parte del problema. El sistema judicial dictar\u00e1 penas, establecer\u00e1 responsabilidades y decretar\u00e1 restituciones; quienes creemos en el proyecto de Jes\u00fas, anunciamos una conversi\u00f3n que, a la vez que abre el futuro personal a los infractores e infractoras, defiende a la comunidad cristiana de su degradaci\u00f3n. Como afirma la Doctrina Social de la Iglesia, \u201c<em>ciertos pecados particularmente graves est\u00e1n sancionados con la excomuni\u00f3n, la pena eclesi\u00e1stica m\u00e1s severa, que impide la recepci\u00f3n de los sacramentos y el ejercicio de ciertos actos eclesi\u00e1sticos<\/em>\u201d. No podemos entender que la gente corrupta se exhiba comulgando o acompa\u00f1ando a jerarcas o presidiendo procesiones, cuando se excluye autom\u00e1ticamente de la comuni\u00f3n con la Iglesia, por ejemplo, a la mujer que aborta y a quien colabora con ella, o a quien se divorcia y vuelve a casarse.<\/p>\n<p>\u25ba En el mes en que celebramos el asesinato de Monse\u00f1or Romero (24 de marzo), recordamos la carta pastoral en la que afirmaba que \u201c<em>el di\u00e1logo nacional es una necesidad<\/em>\u201d y a\u00f1ad\u00eda: \u201c<em>En nombre de Dios y en nombre de este sufrido pueblo cuyos lamentos suben hasta el cielo cada d\u00eda m\u00e1s tumultuosos, les pido, les ruego, les ordeno: cese la corrupci\u00f3n y la impunidad<\/em>\u201d. Todas las comunidades se entregaron en cuerpo y alma a promover el di\u00e1logo y la negociaci\u00f3n, con lucidez y convicci\u00f3n, en homil\u00edas, escritos y conversaciones. Hoy la magnitud del deterioro social y el sufrimiento de multitud de seres humanos y familias exigen alcanzar un aut\u00e9ntico consenso entre todas las fuerzas sociales y pol\u00edticas, entre los empresarios y los sindicatos, entre las universidades y las comunidades. Con el vigor del profeta y la convicci\u00f3n del testigo,\u00a0<strong>la Iglesia<\/strong>\u00a0(especialmente la jerarqu\u00eda)\u00a0<strong>debe promover el consenso<\/strong>, que ahora parece imposible, para recuperar la ejemplaridad \u00e9tica, para evitar el sufrimiento injusto, para enfocar la pol\u00edtica desde la centralidad de los \u00faltimos. Es una buena raz\u00f3n para construir el cuerpo eclesial en el A\u00f1o de la Fe. \u00a1Qu\u00e9 supondr\u00eda este A\u00f1o de la Fe si todas las parroquias, \u00f3rdenes religiosas e instituciones eclesiales, y cada creyente, nos dedic\u00e1ramos en cuerpo y alma a predicar el di\u00e1logo y el consenso en las cuestiones de las que dependen tantas vidas!<\/p>\n<p>Val\u00e8ncia, 9 de marzo de 2013<\/p>\n<p>Grup de Rectors del Dissabte<\/p>\n","protected":false},"excerpt":{"rendered":"<p>Contra la corrupci\u00f3n.- Aun estando en \u201cSede vacante\u201d, la vida cristiana contin\u00faa, porque la Iglesia no es el Papa. Los miembros\u00a0 del \u201cGrup de Rectors del Dissabte\u201d, ejerciendo nuestra responsabilidad pastoral con lealtad a las preocupaciones de nuestro pueblo y acompa\u00f1ando a quienes sufren injustamente, \u25ba\u00a0Manifestamos\u00a0nuestro apoyo a las movilizaciones ciudadanas que expresan la indignaci\u00f3n [&hellip;]<\/p>\n","protected":false},"author":1,"featured_media":0,"comment_status":"open","ping_status":"open","sticky":false,"template":"","format":"standard","meta":{"footnotes":""},"categories":[14],"tags":[],"class_list":["post-1690","post","type-post","status-publish","format-standard","hentry","category-reflexiones"],"_links":{"self":[{"href":"http:\/\/www.graduats.org\/wordpress\/wp-json\/wp\/v2\/posts\/1690","targetHints":{"allow":["GET"]}}],"collection":[{"href":"http:\/\/www.graduats.org\/wordpress\/wp-json\/wp\/v2\/posts"}],"about":[{"href":"http:\/\/www.graduats.org\/wordpress\/wp-json\/wp\/v2\/types\/post"}],"author":[{"embeddable":true,"href":"http:\/\/www.graduats.org\/wordpress\/wp-json\/wp\/v2\/users\/1"}],"replies":[{"embeddable":true,"href":"http:\/\/www.graduats.org\/wordpress\/wp-json\/wp\/v2\/comments?post=1690"}],"version-history":[{"count":0,"href":"http:\/\/www.graduats.org\/wordpress\/wp-json\/wp\/v2\/posts\/1690\/revisions"}],"wp:attachment":[{"href":"http:\/\/www.graduats.org\/wordpress\/wp-json\/wp\/v2\/media?parent=1690"}],"wp:term":[{"taxonomy":"category","embeddable":true,"href":"http:\/\/www.graduats.org\/wordpress\/wp-json\/wp\/v2\/categories?post=1690"},{"taxonomy":"post_tag","embeddable":true,"href":"http:\/\/www.graduats.org\/wordpress\/wp-json\/wp\/v2\/tags?post=1690"}],"curies":[{"name":"wp","href":"https:\/\/api.w.org\/{rel}","templated":true}]}}