{"id":1724,"date":"2013-03-20T10:34:49","date_gmt":"2013-03-20T08:34:49","guid":{"rendered":"http:\/\/graduats.wordpress.com\/?p=1724"},"modified":"2013-03-20T10:34:49","modified_gmt":"2013-03-20T08:34:49","slug":"el-servicio-en-profesionales-cristianos","status":"publish","type":"post","link":"http:\/\/www.graduats.org\/wordpress\/el-servicio-en-profesionales-cristianos\/","title":{"rendered":"EL SERVICIO EN PROFESIONALES CRISTIANOS."},"content":{"rendered":"<p style=\"text-align:justify;\">Proceso de disponibilidad para el servicio en Profesionales Cristianos.<\/p>\n<p><span style=\"font-size:13px;line-height:19px;\">Querid@s amig@s,<br \/>\n<\/span><span style=\"font-size:13px;line-height:19px;\">c\u00f3mo va todo? Esperamos que muy bien.<br \/>\n<\/span><span style=\"font-size:13px;line-height:19px;\">Durante la pr\u00f3xima asamblea\u00a0del\u00a0movimiento (24-26 de mayo en Pozuelo), termina mi responsabilidad\u00a0como\u00a0presidente\u00a0del\u00a0movimiento. Por eso os mandamos un trabajo para hacer en los grupos, que contiene lo que supone la responsabilidad en s\u00ed, mi monograf\u00eda de estos tres a\u00f1os de servicio y alg\u00fan texto y cuestionario para la reflexi\u00f3n.<br \/>\n<\/span><em id=\"__mceDel\" style=\"font-size:13px;line-height:19px;\"><em id=\"__mceDel\"><em id=\"__mceDel\"><em id=\"__mceDel\"><em id=\"__mceDel\">Un fuerte abrazo,<br \/>\n<em id=\"__mceDel\" style=\"font-size:13px;line-height:19px;\"><em id=\"__mceDel\" style=\"font-size:13px;line-height:19px;\"><em id=\"__mceDel\"><em id=\"__mceDel\"><em id=\"__mceDel\"><em id=\"__mceDel\"><em id=\"__mceDel\" style=\"font-size:13px;line-height:19px;\"><em id=\"__mceDel\"><em id=\"__mceDel\"><em id=\"__mceDel\"><em id=\"__mceDel\"><em id=\"__mceDel\">Rosa, M\u00aa Eugenia, Pepe y Javi.<br \/>\n<em id=\"__mceDel\" style=\"font-size:13px;line-height:19px;\"><em id=\"__mceDel\"><em id=\"__mceDel\" style=\"font-size:13px;line-height:19px;\"><em id=\"__mceDel\"><em id=\"__mceDel\"><em id=\"__mceDel\"><em id=\"__mceDel\"><em id=\"__mceDel\" style=\"font-size:13px;line-height:19px;\"><em id=\"__mceDel\"><em id=\"__mceDel\"><em id=\"__mceDel\"><em id=\"__mceDel\"><em id=\"__mceDel\"><em id=\"__mceDel\">(Equipo Permanente de Profesionales Cristianos)<\/em><\/em><\/em><\/em><\/em><\/em><\/em><\/em><\/em><\/em><\/em><\/em><\/em><\/em><\/em><\/em><\/em><\/em><\/em><\/em><\/em><\/em><\/em><\/em><\/em><\/em><\/em><\/em><\/em><\/em><\/em><\/p>\n<p><em id=\"__mceDel\"><em id=\"__mceDel\"> <em id=\"__mceDel\" style=\"font-size:13px;line-height:19px;\"><em id=\"__mceDel\"><em id=\"__mceDel\"><em id=\"__mceDel\"><em id=\"__mceDel\"><em id=\"__mceDel\"><!--more--><\/em><\/em><\/em><\/em><\/em><\/em><\/em><\/em><\/p>\n<p style=\"text-align:justify;padding-left:30px;\"><b>Oraci\u00f3n compartida.\u00a0<\/b>\u201dJUNTOS HACEMOS IGLESIA\u201d<br \/>\nNunca digas, no s\u00e9, no valgo, no puedo,<br \/>\nno tengo fuerzas, no entiendo,<br \/>\nesas cosas son para los que saben.<br \/>\nPara hacer Iglesia y Pueblo<br \/>\ntodos valemos, sabemos y podemos.<br \/>\nSi tienes cinco&#8230; pon cinco; si tienes dos&#8230; pon dos;<br \/>\nSi eres ciego&#8230; sost\u00e9n al que es cojo;<br \/>\nsi eres cojo&#8230; gu\u00eda al que es ciego;<br \/>\nsi eres cojo y ciego&#8230; a\u00fan puedes cantar<br \/>\nque no es poco en tiempos de desencanto.<br \/>\nS\u00e9 valiente y humilde para descubrir y reconocer tu don;<br \/>\nac\u00e9ptalo y ac\u00e9ptate a ti mismo con \u00e9l.<br \/>\nSi Dios te dio coraz\u00f3n,<br \/>\nque tu boca no falte en la hora de la fraternidad.<br \/>\nSi te dio alegr\u00eda,<br \/>\nque tu alegr\u00eda no falte en la fiesta de los pobres.<br \/>\nSi Dios te hizo reflexivo,<br \/>\nque tu reflexi\u00f3n no falte a la hora de medir los pasos<br \/>\npara conseguir un ma\u00f1ana mejor.<br \/>\nSi Dios te hizo entendido, aporta<br \/>\ntu entendimiento para que el pueblo crezca.<br \/>\nSi Dios te hizo capaz de crear unidad,<br \/>\npon esa habilidad al servicio de la unidad que nos libera<br \/>\nJes\u00fas, \u00a1vuelve! \u00a1An\u00edmate!<br \/>\nJuntos hacemos Iglesia, Juntos hacemos Pueblo<br \/>\n(Oraci\u00f3n de la presentaci\u00f3n del II Plan Diocesano de Evangelizaci\u00f3n de Bilbao)<\/p>\n<p style=\"text-align:justify;\"><b>Apuntes para la reflexi\u00f3n<br \/>\n<\/b>Vamos a abrir un proceso de reflexi\u00f3n sobre el Servicio en el Movimiento, concret\u00e1ndolo en dos realidades: la estructura diocesana y la estructura estatal, desde las claves de disponibilidad, entrega, gratuidad y trabajo por el Reino. Se trata de revisar hasta qu\u00e9 punto somos conscientes de la importancia que tenemos como constructores de la propia identidad del Movimiento, y de la actitud que vivimos en cuanto a los retos que nos plantea el hecho de pertenecer a una organizaci\u00f3n eclesial que est\u00e1 dinamizada en todos los sentidos desde los propios miembros que la constituyen.<br \/>\nTambi\u00e9n es sin duda una buena ocasi\u00f3n para tomar conciencia de nuestras capacidades y limitaciones, y de compartir la experiencia con los que antes que nosotros han dado el paso de asumir alg\u00fan tipo de responsabilidad en el Movimiento. Porque a menudo parece que, aunque la tarea consume energ\u00eda y tiempo, los que la aceptan viven a la vez una experiencia enriquecedora e ilusionante, llena de signos de Vida y Reino.<\/p>\n<p style=\"text-align:justify;\"><b>RESPONSABILIDAD a plantear<br \/>\n<\/b>El Equipo Permanente, est\u00e1 formado por Javi (presidente), Rosa (secretaria), Mar\u00eda Eugenia (ec\u00f3noma) y Pepe (Consiliario). Este curso debe producirse la baja delactual presidente por lo cual debe incorporarse al equipo una persona que pueda aportar al mismo otras visiones y planteamientos, que sirva para dinamizar y fortalecer el Movimiento, su identidad y su extensi\u00f3n.<br \/>\nParticipar en el EP, supone ser las personas visibles en la Iglesia y la sociedad del movimiento, supone participar en encuentros de coordinaci\u00f3n, organizar la Sesi\u00f3n de Estudios, planificar el movimiento y dar respuesta a los retos y medios que se plantea Profesionales Cristianos.<br \/>\nSeg\u00fan los Estatutos de nuestro movimiento, corresponde al Presidente de Profesionales Cristianos representar oficialmente al movimiento, tanto judicial como extrajudicialmente; y en toda clase de asuntos jur\u00eddicos, econ\u00f3micos o judiciales puede delegar esta funci\u00f3n en alg\u00fan otro miembro de la Comisi\u00f3n Permanente. Ostenta la firma social de Profesionales Cristianos y preside los \u00f3rganos del movimiento. Representa a Profesionales Cristianos ante terceros, personas f\u00edsicas o jur\u00eddicas, autoridades p\u00fablicas y del Estado y organismos oficiales.<\/p>\n<p style=\"text-align:justify;padding-left:30px;\"><b>Las tareas concretas de la Presidencia<br \/>\n<\/b>\u2022 Presidir y coordinar las reuniones comunes como la Comisi\u00f3n General, las reuniones del equipo permanente,\u2026<br \/>\n\u2022 Asistir a los Consejos Generales de A.C. junto con el resto de presidentes del resto de movimientos de A.C. Se celebran 3 Consejos (s\u00e1bados de 9 a 18 h aproximadamente) cada curso.<br \/>\n\u2022 Actualmente, el presidente de PX forma parte de la Secretar\u00eda General Permanente \u00a0de la Federaci\u00f3n de Movimientos de AC, y hay que preparar encuentros, dinamizar acuerdos de los Consejos,\u2026<br \/>\n\u2022 Ejecutar los acuerdos a que se llegan en las Asambleas y en las Comisiones Generales.<\/p>\n<p style=\"text-align:justify;\">Las tareas del Equipo Permanente se coordinan a distancia, utilizando medios como el correo electr\u00f3nico, el tel\u00e9fono,\u2026 pero hay tambi\u00e9n momentos de reuniones presenciales en Madrid: una trimestral de una ma\u00f1ana y otra m\u00e1s extensa de revisi\u00f3n del curso que termina y planificaci\u00f3n del siguiente de un d\u00eda y medio en el mes de julio.<\/p>\n<p style=\"text-align:justify;\"><b>Experiencia personal de Javi como Presidente durante estos tres a\u00f1os<\/b><\/p>\n<p style=\"text-align:justify;\">Ciertamente, parece que ha pasado poco tiempo desde que empec\u00e9 mi responsabilidad como presidente en el movimiento de Profesionales cristianos, pero en realidad hace ya casi tres a\u00f1os y toca mirar hacia atr\u00e1s para leer este tiempo de servicio as\u00ed como mirar al futuro para que no suponga un punto y final en una forma de vida comprometida y dedicada a otros.<br \/>\nDesde que empec\u00e9 la carrera he estado vinculado a JEC y luego a PX, y en ambos espacios he intentado vivir desde la entrega a otros. Desde esa \u00f3ptica, tuve alguna responsabilidad dentro de JEC y ha forjado en mi una forma de vida en la que el servir tiene una componente importante: en la familia, en el trabajo dentro de las estructuras de la Universidad, con los alumnos, en ONG\u2019s, en los espacios de Iglesia donde participo,\u2026 Constantemente resuena en mi interior el texto del Evangelio del lavatorio de los pies: \u201c[\u2026] se levant\u00f3 de la cena, y se quit\u00f3 su manto, y tomando una toalla, se la ci\u00f1\u00f3. Luego puso agua en un lebrillo, y comenz\u00f3 a lavar los pies de los disc\u00edpulos, y a enjugarlos con la toalla con que estaba ce\u00f1ido.[\u2026]\u201d (Jn 13, 1-15).<br \/>\nLa decisi\u00f3n de aceptar la responsabilidad en el equipo permanente fue relativamente sencilla, no por m\u00ed, sino por la gente que me rodeaba. Mayte, mi compa\u00f1era en la vida, tremendamente generosa y entregada tambi\u00e9n en la familia y en el trabajo que no puso objeci\u00f3n a la decisi\u00f3n. El grupo de animadores de la JEC, que asumimos la misi\u00f3n de manera conjunta, responsabiliz\u00e1ndose ellos y ellas de las tareas que yo ven\u00eda desarrollando como animador del movimiento de j\u00f3venes en Extremadura. Y mi grupo de revisi\u00f3n de vida que hace que la tarea sea m\u00e1s f\u00e1cil, ayud\u00e1ndome en el fondo de la responsabilidad desde la oraci\u00f3n y la lectura creyente de lo que voy viviendo, sobre todo de los momentos dif\u00edciles.<br \/>\n\u201cNo llev\u00e9is bolsa, ni alforja, ni calzado; y a nadie salud\u00e9is por el camino\u201d (Lc 10, 4).En estos tres a\u00f1os, esta frase del Evangelio ha resonado frecuentemente. Cuando nos planteamos cualquier responsabilidad en nuestras vidas y \u00e9sta en concreto, consideramos que nunca estamos lo suficientemente preparados y que adem\u00e1s, tenemos muchos factores (trabajo, familia, hijos, espacios de compromisos,\u2026) que nos restan a la hora de tomar una decisi\u00f3n afirmativa. En mi situaci\u00f3n personal, tampoco pens\u00e9 que era el momento adecuado, ten\u00eda una hija peque\u00f1a, vivo lejos de mi lugar de trabajo y los desplazamientos me restan tiempo, no me consideraba suficientemente formado para una tarea de este tipo,\u2026 pero estaba convencido de que el momento que yo considerar\u00eda como \u201cideal\u201d nunca llegar\u00eda. Y adem\u00e1s naci\u00f3 Javier durante estos tres a\u00f1os\u2026 Pero decid\u00ed no llevar tanto equipaje para el camino y dejarme abandonar en las manos del Padre, que al fin y al cabo, esta tarea es suya.La experiencia ha sido positiva por distintos motivos:<br \/>\n&#8211; Experiencia plena de servir a otros. Desde el equipo permanente constantemente tenemos en mente la gente de los grupos. Cuando se decide un tema, se piensa en un ponente, pensamos en que sea provechoso para los militantes del movimiento, teniendo en cuenta las particularidades de cada lugar y sintiendo que formamos parte de una comunidad. Y se trata de una comunidad que tiene nombre y apellidos. Os agradezco a todos y cada uno de los que form\u00e1is parte del movimiento\u2026<br \/>\n&#8211; Conocer la familia de la Acci\u00f3n Cat\u00f3lica. Al ser el presidente he tenido que asistir a espacios con otros miembros de los equipos permanentes de otros movimientos de AC, principalmente los Consejos Generales. All\u00ed, a pesar dealgunas dificultades, he podido experimentar una Iglesia encarnada en los distintos ambientes y una oportunidad \u00fanica de conocer a gente que se desprende de lo suyo para hacerse servidores. Hemos pensado en com\u00fan y adem\u00e1s nos situamos ante un momento esperanzador de construir juntos, despu\u00e9s de momentos inciertos.<br \/>\n&#8211; Profundizaci\u00f3n en la ra\u00edz del servicio con el grupo de revisi\u00f3n de vida. Los momentos m\u00e1s dif\u00edciles se hacen m\u00e1s llevadero cuando los compartes y los lees con la Palabra y con el grupo.<br \/>\n&#8211; Crecer en la familia: el calendario de reuniones implica cierta organizaci\u00f3n personal y m\u00e1s a\u00fan, casado y con ni\u00f1os tan peque\u00f1os. Durante estos tres a\u00f1os, esta experiencia nos ha permitido crecer en organizaci\u00f3n y comunicaci\u00f3n e incluso compartir momentos juntos con el resto del equipo permanente. Mi hija Carmen siempre se acuerda de Mallorca, de Ana, de Miquel, de Mar\u00eda Eugenia, de Pepe, de Rosa, del tobog\u00e1n de la casa de Palencia, \u2026<br \/>\n<em id=\"__mceDel\"><em id=\"__mceDel\">Pero tambi\u00e9n hay dificultades en el camino. En ocasiones no se tiene en la cabeza el movimiento tal y como se requerir\u00eda, hay retrasos en los plazos de mandar trabajos, no est\u00e1s lo suficientemente cercano a las di\u00f3cesis que se acompa\u00f1a, hay momentos en que lo referente a la familia te lleva tanto tiempo que no te quedan energ\u00edas para preparar material, leer cosas. A veces pienso que con ni\u00f1os peque\u00f1os no es el mejor momento para estas cosas, sobre todo porque me he visto con dificultad para leer y estar suficientemente formado para proponer temas, tener lucidez para hacer un buen trabajo previo,\u2026 pero como yo digo: \u201ces lo que hay\u201d. Lo bueno es reconocer esa debilidad en medio de la responsabilidad que se est\u00e1 ejerciendo, pero siempre con la seguridad de estar inmerso en un proyecto de Dios.<br \/>\n<em id=\"__mceDel\"><em id=\"__mceDel\"><em id=\"__mceDel\"><em id=\"__mceDel\">Os invito a la oraci\u00f3n y a la reflexi\u00f3n con el siguiente texto y con el cuestionario. 1\u00aa Cor 3, 5-9 Porque \u00bfqu\u00e9 es de Apolo y qu\u00e9 es de Pablo? Simples servidores por medio de los cuales llegasteis a la fe, cada uno seg\u00fan el don que el Se\u00f1or le concedi\u00f3. Yo plant\u00e9 y Apolo reg\u00f3, pero el que hizo crecer fue Dios. Ahora bien, ni el que planta ni el que riega son nada; Dios, que hace crecer, es el que cuenta. El que planta y el que riega forman un todo; cada uno, sin embargo, recibir\u00e1 seg\u00fan su recompensa conforme a su trabajo.<br \/>\n<em id=\"__mceDel\"><em id=\"__mceDel\"><em id=\"__mceDel\">Nosotros somos los colaboradores de Dios, vosotros campo que Dios cultiva, casa que Dios edifica.<\/em><\/em><\/em><\/em><\/em><\/em><\/em><\/em><\/em><\/p>\n<p style=\"text-align:justify;padding-left:30px;\"><b>PARA LA REFLEXI\u00d3N PERSONAL<br \/>\n<\/b>&#8211; \u00bfC\u00f3mo ves t\u00fa el Movimiento a nivel estatal? \u00bfQu\u00e9 te aporta el movimiento?<br \/>\n&#8211; \u00bfCu\u00e1les son las primeras sensaciones al plantearte la disponibilidad para estas tareas?<br \/>\n&#8211; \u00bfQu\u00e9 capacidades crees que tendr\u00edas para la tarea? \u00bfQu\u00e9 limitaciones? \u00bfC\u00f3mo te interpela esta necesidad del Movimiento, esta llamada?<\/p>\n<p style=\"text-align:justify;padding-left:30px;\"><b>PUESTA EN COMUN en los grupos<br \/>\n<\/b>&#8211; Ponemos en com\u00fan nuestra reflexi\u00f3n personal<br \/>\n&#8211; Tratamos de resumir la situaci\u00f3n del movimiento a nivel estatal.<br \/>\n&#8211; Animamos\/interpelamos a alguien en particular de nuestro Equipo de Revisi\u00f3n de Vida<br \/>\n&#8211; Proponemos personas de otros equipos de la di\u00f3cesis.<\/p>\n","protected":false},"excerpt":{"rendered":"<p>Proceso de disponibilidad para el servicio en Profesionales Cristianos. Querid@s amig@s, c\u00f3mo va todo? Esperamos que muy bien. Durante la pr\u00f3xima asamblea\u00a0del\u00a0movimiento (24-26 de mayo en Pozuelo), termina mi responsabilidad\u00a0como\u00a0presidente\u00a0del\u00a0movimiento. Por eso os mandamos un trabajo para hacer en los grupos, que contiene lo que supone la responsabilidad en s\u00ed, mi monograf\u00eda de estos tres [&hellip;]<\/p>\n","protected":false},"author":1,"featured_media":0,"comment_status":"open","ping_status":"open","sticky":false,"template":"","format":"standard","meta":{"footnotes":""},"categories":[9,13,14],"tags":[],"class_list":["post-1724","post","type-post","status-publish","format-standard","hentry","category-noticias","category-profesionales-cristianos","category-reflexiones"],"_links":{"self":[{"href":"http:\/\/www.graduats.org\/wordpress\/wp-json\/wp\/v2\/posts\/1724","targetHints":{"allow":["GET"]}}],"collection":[{"href":"http:\/\/www.graduats.org\/wordpress\/wp-json\/wp\/v2\/posts"}],"about":[{"href":"http:\/\/www.graduats.org\/wordpress\/wp-json\/wp\/v2\/types\/post"}],"author":[{"embeddable":true,"href":"http:\/\/www.graduats.org\/wordpress\/wp-json\/wp\/v2\/users\/1"}],"replies":[{"embeddable":true,"href":"http:\/\/www.graduats.org\/wordpress\/wp-json\/wp\/v2\/comments?post=1724"}],"version-history":[{"count":0,"href":"http:\/\/www.graduats.org\/wordpress\/wp-json\/wp\/v2\/posts\/1724\/revisions"}],"wp:attachment":[{"href":"http:\/\/www.graduats.org\/wordpress\/wp-json\/wp\/v2\/media?parent=1724"}],"wp:term":[{"taxonomy":"category","embeddable":true,"href":"http:\/\/www.graduats.org\/wordpress\/wp-json\/wp\/v2\/categories?post=1724"},{"taxonomy":"post_tag","embeddable":true,"href":"http:\/\/www.graduats.org\/wordpress\/wp-json\/wp\/v2\/tags?post=1724"}],"curies":[{"name":"wp","href":"https:\/\/api.w.org\/{rel}","templated":true}]}}