{"id":1754,"date":"2013-03-22T14:56:07","date_gmt":"2013-03-22T12:56:07","guid":{"rendered":"http:\/\/graduats.wordpress.com\/?p=1754"},"modified":"2013-03-22T14:56:07","modified_gmt":"2013-03-22T12:56:07","slug":"xxv-forum-crisitianisme-i-mon-davui","status":"publish","type":"post","link":"http:\/\/www.graduats.org\/wordpress\/xxv-forum-crisitianisme-i-mon-davui\/","title":{"rendered":"XXV f\u00f2rum &#8216;Crisitianisme i mon d&#8217;avui&#8217;"},"content":{"rendered":"<p>13 i 14 d&#8217;abril \u00a0de 2013.<span style=\"color:#ffffff;\">\u00a0 \u00a0<\/span><br \/>\nCol.legi de Jes\u00fas-Maria.<span style=\"font-size:small;\"><span style=\"line-height:19px;\">\u00a0\u00a0<\/span><\/span><\/p>\n<h4>\u00abPerseverants en el comprom\u00eds alliberador.<br \/>\nFidels al Vatic\u00e0 II.\u00bb<strong>\u00a0<\/strong><\/h4>\n<div title=\"Page 1\">\n<p style=\"text-align:justify;\">Hem de donar gr\u00e0cies a l\u2019Esperit del Senyor pel do del F\u00f2rum. Al llarg de 25 anys ens ha animat, a molts cristians i cristianes, a mantenir-nos ferms en la fe i en el comprom\u00eds alliberador que impuls\u00e0 el Concili Vatic\u00e0 II, per fer que un altre m\u00f3n i una altra Esgl\u00e9sia siguen possibles. Tamb\u00e9, des de l\u2019opci\u00f3 per una fe inculturada, ens ha ajudat a viure el seguiment de Jes\u00fas tot fent present el Regne de D\u00e9u i els seus valors al nostre Poble Valenci\u00e0.<br \/>\n<span style=\"font-size:13px;line-height:19px;\">Per a celebrar aquest esdeveniment, hem preparat una vig\u00edlia d\u2019oraci\u00f3 i un concert musical (com us detallem a continuaci\u00f3) per al DIVENDRES 12 D\u2019ABRIL, vespra del F\u00f2rum.<\/span><\/p>\n<h2 style=\"text-align:justify;\"><a href=\"http:\/\/www.cristianismeimondavui.org\" target=\"_blank\">www.cristianismeimondavui.org<\/a><\/h2>\n<p style=\"text-align:justify;\">Esperem que ens podrem trobar totes i tots per donar gr\u00e0cies i gaudir d\u2019aquests dos actes tan especials.<br \/>\n<span style=\"font-size:13px;line-height:19px;\">VIG\u00cdLIA D\u2019ORACI\u00d3 I CONCERT<br \/>\n<\/span><span style=\"font-size:13px;line-height:19px;\">DivenDres 12 D\u2019abril De 2013 al Centre arrupe<br \/>\n<\/span><span style=\"font-size:13px;line-height:19px;\">G.v. Ferran el Cat\u00f2lic, 78 \u2013 val\u00e8ncia (entraDa lliure)<br \/>\n<\/span><span style=\"font-size:13px;line-height:19px;\">\u25ba 20h.: Vig\u00edlia d\u2019oraci\u00f3 a l\u2019estil de Taiz\u00e9 (a l\u2019esgl\u00e9sia)<br \/>\n<\/span><span style=\"font-size:13px;line-height:19px;\">\u25ba 21h.:Concert, al sal\u00f3 d\u2019actes, a c\u00e0rrec del cantautor Migueli<br \/>\n<\/span><span style=\"font-size:13px;line-height:19px;\">\u25ba En acabar el concert, sopar al pati (cada persona dur\u00e0 el seu entrep\u00e0)<\/span><\/p>\n<\/div>\n<div title=\"Page 2\">\n<div>\n<p style=\"text-align:justify;\">Migueli \u00e9s m\u00fasic des de menut, rodam\u00f3n, tot terreny i refer\u00e8ncia, des de fa anys, en la moguda de cantautors. Ha compartit escenari amb els artistes m\u00e9s importants del panorama musical.\u00a0Compatibilitza la m\u00fasica amb l\u2019acompanya- ment a persones amb problemes socials severs. Sempre s\u2019ha dedicat al m\u00f3n marginal. La gent destaca el seu carisma, la seua joia i la seua desimboltura, que prodiga aix\u00ed que puja a un escenari. Ha rebut el premi \u201cCulturas\u201d de la Junta de Extremadura i el premi \u201cAlandar\u201d.<\/p>\n<\/div>\n<\/div>\n","protected":false},"excerpt":{"rendered":"<p>13 i 14 d&#8217;abril \u00a0de 2013.\u00a0 \u00a0 Col.legi de Jes\u00fas-Maria.\u00a0\u00a0 \u00abPerseverants en el comprom\u00eds alliberador. Fidels al Vatic\u00e0 II.\u00bb\u00a0 Hem de donar gr\u00e0cies a l\u2019Esperit del Senyor pel do del F\u00f2rum. Al llarg de 25 anys ens ha animat, a molts cristians i cristianes, a mantenir-nos ferms en la fe i en el comprom\u00eds alliberador [&hellip;]<\/p>\n","protected":false},"author":1,"featured_media":0,"comment_status":"open","ping_status":"open","sticky":false,"template":"","format":"standard","meta":{"footnotes":""},"categories":[9],"tags":[],"class_list":["post-1754","post","type-post","status-publish","format-standard","hentry","category-noticias"],"_links":{"self":[{"href":"http:\/\/www.graduats.org\/wordpress\/wp-json\/wp\/v2\/posts\/1754","targetHints":{"allow":["GET"]}}],"collection":[{"href":"http:\/\/www.graduats.org\/wordpress\/wp-json\/wp\/v2\/posts"}],"about":[{"href":"http:\/\/www.graduats.org\/wordpress\/wp-json\/wp\/v2\/types\/post"}],"author":[{"embeddable":true,"href":"http:\/\/www.graduats.org\/wordpress\/wp-json\/wp\/v2\/users\/1"}],"replies":[{"embeddable":true,"href":"http:\/\/www.graduats.org\/wordpress\/wp-json\/wp\/v2\/comments?post=1754"}],"version-history":[{"count":0,"href":"http:\/\/www.graduats.org\/wordpress\/wp-json\/wp\/v2\/posts\/1754\/revisions"}],"wp:attachment":[{"href":"http:\/\/www.graduats.org\/wordpress\/wp-json\/wp\/v2\/media?parent=1754"}],"wp:term":[{"taxonomy":"category","embeddable":true,"href":"http:\/\/www.graduats.org\/wordpress\/wp-json\/wp\/v2\/categories?post=1754"},{"taxonomy":"post_tag","embeddable":true,"href":"http:\/\/www.graduats.org\/wordpress\/wp-json\/wp\/v2\/tags?post=1754"}],"curies":[{"name":"wp","href":"https:\/\/api.w.org\/{rel}","templated":true}]}}