{"id":3563,"date":"2017-02-02T08:41:13","date_gmt":"2017-02-02T07:41:13","guid":{"rendered":"http:\/\/www.graduats.org\/wordpress\/?p=3563"},"modified":"2017-02-02T09:10:20","modified_gmt":"2017-02-02T08:10:20","slug":"seminario-de-formacion-7","status":"publish","type":"post","link":"http:\/\/www.graduats.org\/wordpress\/seminario-de-formacion-7\/","title":{"rendered":"Seminario de Formaci\u00f3n."},"content":{"rendered":"<p>El s\u00e1bado 4 de febrero\u00a0de 2017 tendremos la segunda sesi\u00f3n del seminario de formaci\u00f3n de este curso:\u00a0<strong>Desaf\u00edos de la iglesia a 50 a\u00f1os del concilio Vaticano II<\/strong>,<br \/>\nLa \u00a0sesi\u00f3n estar\u00e1 a cargo de \u00c1ngel Peris Suay y lleva por t\u00edtulo:\u00a0<b>La iglesia en el espacio p\u00fablico.<\/b><strong><em><br \/>\n<\/em><\/strong>A las 17:00h. celebraremos la eucarist\u00eda y a las 17:45h. dar\u00e1 comienzo la sesi\u00f3n.<\/p>\n<p>Bibliograf\u00eda<\/p>\n<p>Karl Rahner,\u00a0<i>Cambio estructural en la iglesia<\/i>, Madrid, Ediciones cristiandad, 1974. Hay edici\u00f3n reciente en PPC editorial, 2014.<br \/>\n<i>Iglesia Viva,<\/i>\u00a0266 (2\u00ba trim. 2016), \u201cPor una iglesia desclericalizada\u201d<br \/>\nJoseph Ratzinger y Hans Maier,\u00a0<i>\u00bfDemocracia en la iglesia?<\/i>, Madrid, Ed. San Pablo, 2005.<br \/>\nAndr\u00e9 Torres Queiruga,\u00a0<a href=\"http:\/\/servicioskoinonia.org\/relat\/309.htm\" target=\"_blank\">\u201cLa democracia en la iglesia\u201d<\/a>, en Servicios Koinonia, visto el 25\/XI\/2016<br \/>\n<a href=\"https:\/\/dialnet.unirioja.es\/servlet\/autor?codigo=22353\">Lamberto de Echeverr\u00eda<\/a>, \u00abEl Cambio estructural de la Iglesia\u201d de Karl Rahner: reflexiones con ocasi\u00f3n de su muerte,\u00a0<a href=\"https:\/\/dialnet.unirioja.es\/servlet\/revista?codigo=1218\"><i>Revista espa\u00f1ola de derecho can\u00f3nico<\/i><\/a><i>,\u00a0<\/i>40, N\u00ba 116, (1984), 335-362.<\/p>\n<p><a href=\"http:\/\/www.graduats.org\/wordpress\/wp-content\/uploads\/2017\/02\/iglesias.png\" target=\"_blank\"><img loading=\"lazy\" decoding=\"async\" class=\"aligncenter wp-image-3565 size-full\" src=\"http:\/\/www.graduats.org\/wordpress\/wp-content\/uploads\/2017\/02\/iglesias.png\" width=\"1554\" height=\"591\" srcset=\"http:\/\/www.graduats.org\/wordpress\/wp-content\/uploads\/2017\/02\/iglesias.png 1554w, http:\/\/www.graduats.org\/wordpress\/wp-content\/uploads\/2017\/02\/iglesias-300x114.png 300w, http:\/\/www.graduats.org\/wordpress\/wp-content\/uploads\/2017\/02\/iglesias-768x292.png 768w, http:\/\/www.graduats.org\/wordpress\/wp-content\/uploads\/2017\/02\/iglesias-1024x389.png 1024w, http:\/\/www.graduats.org\/wordpress\/wp-content\/uploads\/2017\/02\/iglesias-368x140.png 368w\" sizes=\"auto, (max-width: 1554px) 100vw, 1554px\" \/><\/a><\/p>\n<p><a href=\"http:\/\/www.graduats.org\/wordpress\/curso-2016-2017\/seminario-de-formacion\/\">M\u00e1s informaci\u00f3n<\/a><\/p>\n","protected":false},"excerpt":{"rendered":"<p>El s\u00e1bado 4 de febrero\u00a0de 2017 tendremos la segunda sesi\u00f3n del seminario de formaci\u00f3n de este curso:\u00a0Desaf\u00edos de la iglesia a 50 a\u00f1os del concilio Vaticano II, La \u00a0sesi\u00f3n estar\u00e1 a cargo de \u00c1ngel Peris Suay y lleva por t\u00edtulo:\u00a0La iglesia en el espacio p\u00fablico. A las 17:00h. celebraremos la eucarist\u00eda y a las 17:45h. [&hellip;]<\/p>\n","protected":false},"author":1,"featured_media":3565,"comment_status":"closed","ping_status":"open","sticky":false,"template":"","format":"standard","meta":{"footnotes":""},"categories":[7],"tags":[],"class_list":["post-3563","post","type-post","status-publish","format-standard","has-post-thumbnail","hentry","category-seminario"],"_links":{"self":[{"href":"http:\/\/www.graduats.org\/wordpress\/wp-json\/wp\/v2\/posts\/3563","targetHints":{"allow":["GET"]}}],"collection":[{"href":"http:\/\/www.graduats.org\/wordpress\/wp-json\/wp\/v2\/posts"}],"about":[{"href":"http:\/\/www.graduats.org\/wordpress\/wp-json\/wp\/v2\/types\/post"}],"author":[{"embeddable":true,"href":"http:\/\/www.graduats.org\/wordpress\/wp-json\/wp\/v2\/users\/1"}],"replies":[{"embeddable":true,"href":"http:\/\/www.graduats.org\/wordpress\/wp-json\/wp\/v2\/comments?post=3563"}],"version-history":[{"count":8,"href":"http:\/\/www.graduats.org\/wordpress\/wp-json\/wp\/v2\/posts\/3563\/revisions"}],"predecessor-version":[{"id":3573,"href":"http:\/\/www.graduats.org\/wordpress\/wp-json\/wp\/v2\/posts\/3563\/revisions\/3573"}],"wp:featuredmedia":[{"embeddable":true,"href":"http:\/\/www.graduats.org\/wordpress\/wp-json\/wp\/v2\/media\/3565"}],"wp:attachment":[{"href":"http:\/\/www.graduats.org\/wordpress\/wp-json\/wp\/v2\/media?parent=3563"}],"wp:term":[{"taxonomy":"category","embeddable":true,"href":"http:\/\/www.graduats.org\/wordpress\/wp-json\/wp\/v2\/categories?post=3563"},{"taxonomy":"post_tag","embeddable":true,"href":"http:\/\/www.graduats.org\/wordpress\/wp-json\/wp\/v2\/tags?post=3563"}],"curies":[{"name":"wp","href":"https:\/\/api.w.org\/{rel}","templated":true}]}}