{"id":448,"date":"2011-05-31T12:14:16","date_gmt":"2011-05-31T11:14:16","guid":{"rendered":"http:\/\/graduats.wordpress.com\/?p=448"},"modified":"2011-05-31T12:14:16","modified_gmt":"2011-05-31T11:14:16","slug":"cronica-del-encuentro-de-profesionales-cristianos-en-madrid","status":"publish","type":"post","link":"http:\/\/www.graduats.org\/wordpress\/cronica-del-encuentro-de-profesionales-cristianos-en-madrid\/","title":{"rendered":"Cr\u00f3nica del Encuentro de Profesionales Cristianos en Madrid"},"content":{"rendered":"<p>Este pasado fin de semana se celebro la anual \u00a0Jornada de Estudio del Movimiento de Profesionales Cristianos. De Valencia acudieron Julia, Patrici, Carmen, Lluis, Mar\u00eda y \u00c1ngel.<\/p>\n<p style=\"text-align:center;\"><img loading=\"lazy\" decoding=\"async\" class=\"aligncenter size-full wp-image-451\" title=\"PX1\" src=\"http:\/\/graduats.files.wordpress.com\/2011\/05\/px11.jpg\" alt=\"\" width=\"650\" height=\"304\" \/><\/p>\n<p>A continuaci\u00f3n pod\u00e9is leer una cr\u00f3nica de Mar\u00eda y la intervenci\u00f3n de Julia. Las fotograf\u00edas las hizo Luis.<!--more--><\/p>\n<p style=\"text-align:justify;\"><span style=\"color:#ff0000;\"><strong>ENCUENTRO DE PROFESIONALES CRISTIANOS EN MADRID<\/strong><\/span><\/p>\n<p style=\"text-align:justify;\"><span style=\"color:#ff0000;\">Mar\u00eda Iborra<\/span><\/p>\n<p style=\"text-align:justify;\">Salimos de Valencia cuando todav\u00eda no clareaba y tras tres horas y media y gracias al tomtom de Luis, llegamos, a pesar de la niebla, puntuales a Madrid. Reci\u00e9n iniciada la oraci\u00f3n que todav\u00eda compartimos juntos. Patrici y Julia hab\u00edan llegado el d\u00eda anterior y ya se hab\u00edan integrado con unas 60 personas de distintas zonas y profesiones.<\/p>\n<p style=\"text-align:justify;\">La ma\u00f1ana la llen\u00f3 Rafael Diaz Salazar, especialista en sociolog\u00eda de las religiones,\u00a0 claro, directo y vehemente. Imposible dormirse o aburrirse. Result\u00f3 un final perfecto para nuestro seminario. Tras una revisi\u00f3n clara y concisa del laicismo, de sus rasgos centrales y sus tipos, present\u00f3 con una visi\u00f3n clara y cr\u00edtica lo que deb\u00eda hacerse desde la Iglesia y los movimientos de Iglesia. Fue intenso y provocador, y aunque cerramos a las 14 horas, porque hab\u00eda que comer, fue un brote de aire renovado que espero que nos sirva de acompa\u00f1amiento durante algunos meses. Aunque no hubiera habido nada m\u00e1s \u2013pero s\u00ed que hubo mucho m\u00e1s-, solo por el trabajo de la ma\u00f1ana val\u00eda la pena el viaje y el encuentro.<\/p>\n<p style=\"text-align:justify;\">Plante\u00f3 un conjunto de ejes centrales para renovar la Iglesia y hacer frente a las nuevas necesidades de una sociedad secularizada pero en la que la religi\u00f3n sigue siendo algo importante para mucha gente. Sin s\u00edndromes de nido vac\u00edo. Se\u00f1al\u00f3 que en nuestras sociedades plurales las instituciones deben especializarse en aquello que les es propio y, que nuestros retos, no pod\u00edan ser todos, sino que deber\u00edan centrarse en lo que nos es espec\u00edfico. Os comento algunos de ellos:<\/p>\n<ol style=\"text-align:justify;\">\n<li>Necesitamos crear espacios en los que la gente pueda convertirse. Espacios p\u00fablicos cotidianos en los que se pueda vivir el cristianismo. Las Iglesias est\u00e1n muertas. No hay creatividad.<\/li>\n<li>Anuncio del gozo de ser creyente. Recuperar la alegr\u00eda y el gozo de la creencia. La fe se contagia no se ense\u00f1a, no se transmite por nociones y conceptos.\u00a0 Hay que generar espacios en los que la gente pueda contagiarse, en los que se pueda compartir una espiritualidad viva no sosa.<\/li>\n<\/ol>\n<p style=\"text-align:justify;\">La experiencia religiosa es importante y hay que dar esa experiencia vital a los j\u00f3venes, la experiencia de que la gente est\u00e1 habitada por algo. Debemos intentar estilos de vida bienaventurados. Vivir de tal manera que se hagan la pregunta y exclamen \u00a1Mirad como viven!. El testimonio vivo es esencial<\/p>\n<ol style=\"text-align:justify;\">\n<li>Debemos educar personalmente lo moral. La educaci\u00f3n moral debe ser un reto central en las familias, en los colegios, en la comunidades. La educaci\u00f3n moral se nutre de tradiciones muy fuertes y de la vida. Para ello hay que volver a unificar las esferas de lo \u00edntimo, lo privado y lo p\u00fablico que se encuentran muy desgajadas en la sociedad actual. Poca gente cultiva lo interior, lo \u00edntimo. Mucha gente se siente encantada en el \u00e1mbito de los grupos privados en los que se siente acogido y querido. Poca gente apuesta por lo p\u00fablico. Si cultiv\u00e1ramos la dimensi\u00f3n interior descubriremos que no podemos dejar de intervenir en lo p\u00fablico, en ser testimonio.<\/li>\n<li>Construir comunidades vivas que ayuden a la construcci\u00f3n moral\u2026 Hay millones de grupos para hacer cosas, de escalada, de cine\u2026 pero no hay comunidades morales<\/li>\n<li>Debemos propiciar las iniciativas ciudadanas de promoci\u00f3n social<\/li>\n<li>Favorecer la deliberaci\u00f3n moral, hay que hacer \u00e9tica aplicada y deliberar y dialogar para construirla. Los grandes problemas de la sociedad no se resuelven por mayor\u00edas\u00a0 pol\u00edticas ni por la verdad de unos u otros. Requieren di\u00e1logo y deliberaci\u00f3n.<\/li>\n<li>Hay que crear espacios de encuentro y de di\u00e1logo con los no creyente y con los que crean opini\u00f3n, tender puentes\u2026 alg\u00fan grupo de laicos, peque\u00f1o, deber\u00eda decirle lo que Pablo le dijo a Pedro, deber\u00eda pelear en el \u00e1mbito intra-eclesial.<\/li>\n<li>Hay que favorecer el di\u00e1logo interreligioso e intercultural porque esa es la nueva sociedad en la que hay que ser cristiano.<\/li>\n<\/ol>\n<p style=\"text-align:justify;\">La primera parte de la tarde, otro brote de aire fresco y renovaci\u00f3n. Como en a\u00f1os anteriores varias personas presentaron su experiencia de compromiso desde su movimiento. Cristina, que ha sido presidenta de PX durante algunos a\u00f1os, nos cont\u00f3 su experiencia como miembro de un sindicato y las dificultades encontradas. Preciosa, profunda e interpeladota, para todos los que est\u00e1bamos all\u00ed, fue el testimonio de Julia, de su compromiso con la profesi\u00f3n m\u00e9dica y de su evoluci\u00f3n, de su equilibrio familiar y profesional. Lo transmiti\u00f3 como es Julia, con sencillez transmitiendo\u00a0 vida y compartiendo y haciendo llegar un aut\u00e9ntico sentido espiritual en sus palabras y gestos. Impresionante.<\/p>\n<p style=\"text-align:justify;\">Antonia, una mujer jubilada, llena de vida y energ\u00eda, que ha trabajado toda su vida en la ense\u00f1anza\u00a0 y nos transmiti\u00f3 su compromiso con las mujeres de Vallecas antes y con las mujeres de Manacor en la actualidad. Viva, comprometida heterodoxa pero llena de ilusi\u00f3n y de futuro. El \u00faltimo, Fernando, un chico joven, muy joven de 31 a\u00f1os, cristiano y del PSOE, con el compromiso claro y decidido de tender puentes entre ambas realidades, la del partido socialista y la de los cristianos. Recibiendo bofetadas por ambos lados. Sinti\u00e9ndose bicho raro en el \u00e1mbito eclesial en el que las estructuras institucionales lo ponen en entredicho y en el partido socialista en el que los puentes no son hoy f\u00e1ciles de crear.<\/p>\n<p style=\"text-align:justify;\">Todos los testimonios, cercanos, de personas como nosotros \u2013bueno algunos de ellos m\u00e1s j\u00f3venes, bastante m\u00e1s- , con un lenguaje tan cercano tan f\u00e1cil de sentirlo propio que es como si toda la vida los hubieras conocido y hubieras pertenecido al mismo movimiento.<\/p>\n<p style=\"text-align:justify;\">Luego, Carmen, Luis, \u00c1ngel y yo nos volvimos. Dejamos all\u00ed a Julia y Patrici; pero echamos de menos no compartir el trabajo en grupos profesionales ni la Eucarist\u00eda. Otro a\u00f1o ser\u00e1.<\/p>\n<p style=\"text-align:justify;\">No est\u00e1 todo lo que all\u00ed vivimos ni lo que escuchamos pero espero al menos contagiaros parte de nuestra alegr\u00eda por haber ido \u2026<\/p>\n<p><a href=\"http:\/\/graduats.files.wordpress.com\/2011\/05\/px2.jpg\"><img loading=\"lazy\" decoding=\"async\" class=\"aligncenter size-full wp-image-450\" title=\"PX2\" src=\"http:\/\/graduats.files.wordpress.com\/2011\/05\/px2.jpg\" alt=\"\" width=\"500\" height=\"288\" \/><\/a><\/p>\n<p style=\"text-align:justify;\"><span style=\"color:#ff0000;\"><strong>TESTIMONIO DESDE EL COMPROMISO PROFESIONAL<\/strong><\/span><\/p>\n<p style=\"text-align:justify;\"><span style=\"color:#ff0000;\">Julia Navarro<\/span><\/p>\n<p style=\"text-align:justify;\">Creo que la profesi\u00f3n ha configurado mi vida entera. El hecho de decir que soy m\u00e9dico, o mejor m\u00e9dica, o mucho mejor, metgessa, y no que\u201d trabajo de\u2026\u201d es mucho m\u00e1s que cuesti\u00f3n de palabras. Me identifica. Porque mi profesi\u00f3n, como toda pasi\u00f3n, tira de m\u00ed y me intenta atrapar mientras yo lucho por domesticarla y ubicarla en mi vida.<\/p>\n<p style=\"text-align:justify;\">Desde ah\u00ed me atrevo a tratar de entender y transmitir mi vivencia de la profesi\u00f3n como una historia de tensi\u00f3n, retos y aprendizajes.<\/p>\n<p style=\"text-align:justify;\">Y es que esta profesi\u00f3n no es s\u00f3lo una actividad apasionante sino tambi\u00e9n peligrosa. En una forma de estar en el mundo al lado de las personas que sufren. Lo peligroso es c\u00f3mo situarse ah\u00ed. Porque he aprendido por propia experiencia que se puede estar al lado del sufrimiento desde el poder (y ese es el peligro), con la vana ilusi\u00f3n de combatirlo sin ser afectada por ese sufrimiento, con la pretensi\u00f3n de superioridad de quien cree tener la clave de las decisiones y los juicios. Y yo he estado en esa perspectiva que es la que nos ense\u00f1an, que a veces sale todav\u00eda por los resquicios del miedo a sufrir, revestido de paternalismo. Y muchos de mis colegas siguen instalados en ella, como si no hubiera ocurrido una profunda transformaci\u00f3n en los fines de la medicina, en qui\u00e9n es el centro de nuestra actividad profesional, en los l\u00edmites que debe tener la tecnolog\u00eda\u2026 Y al ser consciente de esa situaci\u00f3n, surge el <strong>compromiso profesional<\/strong>. A nivel i<strong>ndividual<\/strong>, empe\u00f1\u00e1ndose en que el paciente, la persona, sea el centro, en la actividad diaria; recordando que cuando se parte de la asimetr\u00eda de conocimiento en que el profesional es el\u00a0 experto, la simetr\u00eda moral no se da por supuesta, y por tanto, revisando cada d\u00eda c\u00f3mo de respetuosa es nuestra relaci\u00f3n con cada persona que se pone en nuestras manos. Para esto hay que aprender herramientas de comunicaci\u00f3n que nadie nos ense\u00f1\u00f3 y que son tan necesarias para realizar nuestra actividad como acompa\u00f1amiento, y mantener un h\u00e1bito reflexivo que nos conecte con el mundo de los valores que fundamentan la dignidad de todos los seres humanos.<\/p>\n<p style=\"text-align:justify;\">A nivel <strong>estructural<\/strong> se me plantea como necesario contribuir a crear una cultura de <strong>humanizaci\u00f3n <\/strong>de la asistencia sanitaria. No es posible dentro del complejo mundo de la sanidad p\u00fablica (y tampoco el de la privada) pensar que una buena actitud individual basta para que las cosas cambien. Hay otros profesionales, cristianos o no, que comparten la misma inquietud, que no est\u00e1n dispuestos a sucumbir al fatalismo, a la desesperaci\u00f3n o a la desmovilizaci\u00f3n. En mi caso los he encontrado en el <strong>mundo de los Cuidados Paliativos\u00a0<\/strong>y en el de la <strong>bio\u00e9tica<\/strong>. Se trata de participar en instituciones de la sociedad civil promotoras de cambio, generando reflexi\u00f3n, debate, influencia en la administraci\u00f3n, participando en la formaci\u00f3n de los profesionales\u2026En ese campo me muevo ahora, por lo que hice la opci\u00f3n de dejar mi actividad como voluntaria en M\u00e9dicos Sin Fronteras, alej\u00e1ndome de otro aspecto de mi compromiso, llena de dudas y vacilaciones ante la\u00a0 sensaci\u00f3n de\u00a0 incompatibilidad en la dedicaci\u00f3n.<\/p>\n<p style=\"text-align:justify;\">Pero tambi\u00e9n est\u00e1 la <strong>estructura concreta<\/strong> en la que trabajamos. Y en ella los obst\u00e1culos ponen a prueba la esperanza. Desde la incompetencia, la rutina, la gente burn-out, hasta las reivindicaciones colectivas que se limitan al estatus profesional o salarial, sin una visi\u00f3n de conjunto de la situaci\u00f3n global. El reto est\u00e1 en convivir con ello, teniendo en cuenta a las personas, distinguiendo entre el respeto a esas personas y la complicidad con la mala praxis o la mala gesti\u00f3n. Y frente a la tentaci\u00f3n de huir, de limitarse a cumplir, de quedarse en la cr\u00edtica destructiva, de creer que estoy \u201ccon los puros\u201d, el esfuerzo por afrontar cada d\u00eda con la ilusi\u00f3n de propiciar encuentros creativos, sembrar inquietudes de mejora, ver nuestra tarea como un gran privilegio, mirar lo cotidiano con perspectiva global. Y tambi\u00e9n, ir visualizando la jubilaci\u00f3n, no como final de una profesi\u00f3n, sino como otra manera de seguir siendo metgessa: ir dibujando proyectos y sue\u00f1os, tambi\u00e9n compartidos, si Dios nos da salud para llevarlos a cabo.<\/p>\n<p style=\"text-align:justify;\">Nada de esto es para m\u00ed\u00a0 posible sin la <strong>fe y el seguimiento de Jes\u00fas<\/strong>. Porque mi profesi\u00f3n es el lugar privilegiado que Dios me ofrece para estar al lado de la gente m\u00e1s vulnerable: la que \u00c9l puso en primer lugar, la que es bienaventurada. De todas esas personas he recibido lecciones de dignidad, de resistencia, de confianza. En ellas busco y encuentro el rostro de Jes\u00fas y la cercan\u00eda del Padre. Mi ser cristiana est\u00e1 fuertemente ligada a la experiencia de \u201csanadora herida\u201d: acompa\u00f1ar al que sufre desde la propia limitaci\u00f3n, con la confianza en que de alg\u00fan modo puedo ser instrumento de la paz de Dios.<\/p>\n<p style=\"text-align:justify;\">Pero ese seguimiento hay que actualizarlo y revisarlo con otros: \u201cno hay vida cristiana sin <strong>comunidad<\/strong>\u201d. Y ah\u00ed est\u00e1is vosotros: esa gente a la que no hay que explicarle todo desde el principio, porque\u00a0 compartimos la misma experiencia, porque hemos recibido y acogido el don de conocer a Jes\u00fas, porque queremos seguirle guiados por su Esp\u00edritu, porque sentimos la necesidad de compartir con el mundo que Dios es Padre-Madre y nos perdona. El grupo de RdV (peque\u00f1a Iglesia dom\u00e9stica) es el medio para que no nos prediquemos a nosotros mismos;\u00a0 esos encuentros nocturnos, cargados con el cansancio del d\u00eda a d\u00eda, donde escuchamos a los otros, reflexionamos y rezamos, nos lanzan de nuevo al mundo, al d\u00eda siguiente con confianza renovada.<\/p>\n<p style=\"text-align:justify;\">\u00bfY qu\u00e9 pasa con mi <strong>vida familiar<\/strong>? Aqu\u00ed\u00a0 la <strong>tensi\u00f3n<\/strong> surge porque no es f\u00e1cil convivir con alguien que trae cada d\u00eda puesto el dolor de los otros, cargada con la magnitud de la tarea y con la conciencia de la propia limitaci\u00f3n, tanto si se expresa expl\u00edcitamente como si\u00a0 se oculta en gestos o\u00a0 actitudes\u00a0 de distanciamiento, evasi\u00f3n o impotencia. No es f\u00e1cil encontrarte con alguien que llega a casa cansada de escuchar penas. En familia, las incongruencias al desnudo. El <strong>reto<\/strong> es encontrar el equilibrio en la distribuci\u00f3n del tiempo compartido, llen\u00e1ndolo de calidez y agradecimiento; es saber c\u00f3mo compartir la preocupaci\u00f3n, sin acaparar la atenci\u00f3n asumiendo un protagonismo injusto,\u00a0 sin romper la confidencia\u00a0 de los pacientes que conf\u00edan aspectos tan \u00edntimos de su vida. Es trasmitir que el dolor que veo cada d\u00eda me hiere y me hace vulnerable, y que no es necesario aparentar una invulnerabilidad que no poseo. Es ser capaz de disfrutar intensamente de estar juntos, de los paisajes que nos unen, la m\u00fasica cantada a coro, re\u00edr con el humor que recuerda a los abuelos ya ausentes\u2026\u00a0 El <strong>aprendizaje<\/strong> es, que desde el amor gratuito, cargado de comprensi\u00f3n y paciencia, es posible unificar la vida propia,\u00a0 no hacer en ella compartimentos estancos, y que en este proceso se recibe mucho m\u00e1s de lo que se da. Puedo testimoniar que recibo de mi familia el regalo de la aceptaci\u00f3n incondicional de mi manera peculiar de ser mujer, profesional, compa\u00f1era y madre, y que gracias a esa aceptaci\u00f3n puedo seguir avanzando profesionalmente con esperanza, entre contradicciones y oportunidades.<\/p>\n<p><!--more--><\/p>\n","protected":false},"excerpt":{"rendered":"<p>Este pasado fin de semana se celebro la anual \u00a0Jornada de Estudio del Movimiento de Profesionales Cristianos. De Valencia acudieron Julia, Patrici, Carmen, Lluis, Mar\u00eda y \u00c1ngel. A continuaci\u00f3n pod\u00e9is leer una cr\u00f3nica de Mar\u00eda y la intervenci\u00f3n de Julia. Las fotograf\u00edas las hizo Luis.<\/p>\n","protected":false},"author":1,"featured_media":0,"comment_status":"open","ping_status":"open","sticky":false,"template":"","format":"standard","meta":{"footnotes":""},"categories":[9],"tags":[],"class_list":["post-448","post","type-post","status-publish","format-standard","hentry","category-noticias"],"_links":{"self":[{"href":"http:\/\/www.graduats.org\/wordpress\/wp-json\/wp\/v2\/posts\/448","targetHints":{"allow":["GET"]}}],"collection":[{"href":"http:\/\/www.graduats.org\/wordpress\/wp-json\/wp\/v2\/posts"}],"about":[{"href":"http:\/\/www.graduats.org\/wordpress\/wp-json\/wp\/v2\/types\/post"}],"author":[{"embeddable":true,"href":"http:\/\/www.graduats.org\/wordpress\/wp-json\/wp\/v2\/users\/1"}],"replies":[{"embeddable":true,"href":"http:\/\/www.graduats.org\/wordpress\/wp-json\/wp\/v2\/comments?post=448"}],"version-history":[{"count":0,"href":"http:\/\/www.graduats.org\/wordpress\/wp-json\/wp\/v2\/posts\/448\/revisions"}],"wp:attachment":[{"href":"http:\/\/www.graduats.org\/wordpress\/wp-json\/wp\/v2\/media?parent=448"}],"wp:term":[{"taxonomy":"category","embeddable":true,"href":"http:\/\/www.graduats.org\/wordpress\/wp-json\/wp\/v2\/categories?post=448"},{"taxonomy":"post_tag","embeddable":true,"href":"http:\/\/www.graduats.org\/wordpress\/wp-json\/wp\/v2\/tags?post=448"}],"curies":[{"name":"wp","href":"https:\/\/api.w.org\/{rel}","templated":true}]}}