{"id":6872,"date":"2025-10-13T12:16:48","date_gmt":"2025-10-13T10:16:48","guid":{"rendered":"https:\/\/www.graduats.org\/wordpress\/?p=6872"},"modified":"2026-04-05T20:30:48","modified_gmt":"2026-04-05T18:30:48","slug":"programacion-del-curso-2025-2026","status":"publish","type":"post","link":"http:\/\/www.graduats.org\/wordpress\/programacion-del-curso-2025-2026\/","title":{"rendered":"Programaci\u00f3n del curso 2025-2026."},"content":{"rendered":"\n<p class=\"has-text-align-center\"><strong>CALENDARIO DE ACTIVIDADES PROGRAMADAS<\/strong><\/p>\n\n\n\n<p><em>Retiro de Navidad: S\u00e1bado 20 diciembre 17:00h. Colegio de Patriarca<\/em><br \/><em>Ejercicios espirituales: 6-8 de marzo. D. Jos\u00e9 Vilaplana. Monasterio de Nuestra Se\u00f1ora de los\u00a0 \u00c1ngeles (J\u00e1vea).<\/em><br \/><em>Asamblea fin de curso: 20 \u00f3 21 de junio<\/em><br \/><em>Jornadas de estudio de Profesionales Cristianos:\u00a0<\/em>28-30 de mayo de 2026. Madrid<br \/><a href=\"https:\/\/www.forumcristianisme.com\/\"><em>Forum Cristianisme i mon d\u2019avui<\/em><\/a><em>: 18 D&#8217;ABRIL\u00a0DE 2026. COL\u00b7LEGI JES\u00daS &#8211; MARIA (VAL\u00c8NCIA)<\/em><\/p>\n\n\n\n<p class=\"has-text-align-center\"><em>***<\/em><\/p>\n\n\n\n<p class=\"has-text-align-center\"><strong>REUNIONES DE LOS EQUIPOS DE REVISI\u00d3N DE VIDA<\/strong><\/p>\n\n\n\n<div class=\"wp-block-media-text is-stacked-on-mobile\" style=\"grid-template-columns:29% auto\"><figure class=\"wp-block-media-text__media\"><img loading=\"lazy\" decoding=\"async\" width=\"324\" height=\"516\" src=\"http:\/\/www.graduats.org\/wordpress\/wp-content\/uploads\/2025\/10\/Captura-de-Jorge-2025-10-13-a-las-11.38.03.png\" alt=\"\" class=\"wp-image-6873 size-full\" srcset=\"http:\/\/www.graduats.org\/wordpress\/wp-content\/uploads\/2025\/10\/Captura-de-Jorge-2025-10-13-a-las-11.38.03.png 324w, http:\/\/www.graduats.org\/wordpress\/wp-content\/uploads\/2025\/10\/Captura-de-Jorge-2025-10-13-a-las-11.38.03-188x300.png 188w\" sizes=\"auto, (max-width: 324px) 100vw, 324px\" \/><\/figure><div class=\"wp-block-media-text__content\">\n<p><em>Algunos textos para la revisi\u00f3n de vida.<\/em> <em>Para la primera sesi\u00f3n podr\u00eda prepararse el documento que <\/em><a href=\"https:\/\/profesionalescristianos.com\/herramientas-2\/\"><em>sobre la revisi\u00f3n de vida<\/em><\/a><em> ha publicado Profesionales Cristianos<\/em>.<br \/><em>Para las reuniones podr\u00edan utilizarse los textos de Jos\u00e9 Antonio Pagola con comentarios a las lecturas del domingo: La Buena Noticia de Jes\u00fas. (Ciclo de lecturas del a\u00f1o lit\u00fargico &#8211; A. Mateo) Las lecturas tambi\u00e9n se van publicando y pueden leerse en la p\u00e1gina <\/em><a href=\"http:\/\/www.apple.com\/es\">Grupos de Jes\u00fas<\/a><\/p>\n<\/div><\/div>\n\n\n\n<p class=\"has-text-align-center\"><em>***<\/em><\/p>\n\n\n\n<p class=\"has-text-align-center\"><strong>SEMINARIO 2025-2026: TRANSHUMANISMO<\/strong><\/p>\n\n\n\n<p>\u00bfQu\u00e9 es el transhumanismo<br \/>Luis LLorens<br \/>S\u00e1bado 15 de noviembre de 2025<\/p>\n\n\n\n<p>Las \u00e9ticas del transhumanismo<br \/>Luis Franco Vera. Catedr\u00e1tico de Bioqu\u00edmica y Biolog\u00eda Molecular.<br \/>S\u00e1bado 14 de febrero de 2026<\/p>\n\n\n\n<p>Biomejoramiento: eternamente j\u00f3venes, buenos y brillantes.<br \/>Sol A\u00f1\u00f3n y Cristian G\u00f3mez Torrijos<br \/>25 de abril de 2026<\/p>\n\n\n\n<p>\u00bfTiene sentido a\u00fan el concepto de persona?<br \/>Juan Jos\u00e9 Garrido y \u00c1ngel Peris<br \/>23 de mayode 2026<\/p>\n\n\n\n<p>BIBLIOGRAF\u00cdA (por completar)<br \/>\u2014 Conferencia episcopal espa\u00f1ola, <a href=\"https:\/\/www.conferenciaepiscopal.es\/transhumanismo-comision-doctrina-fe\/\"><em>Transhumanismo. Una mirada cristiana al transhumanismo<\/em><\/a>, Madrid, 2025.<br \/><em>\u2014 Iglesia Viva, <\/em>281 <em>(<\/em>1er. trim. 2020), \u00ab<a href=\"http:\/\/www.graduats.org\/wordpress\/wp-content\/uploads\/2026\/02\/iViva-281-Transhumanizacion.pdf\" target=\"_blank\" rel=\"noreferrer noopener\">Transhumanismo. La domesticaci\u00f3n de la vida<\/a>\u00bb<em>.&nbsp;<\/em><br \/><em>\u2014 <\/em>Antonio Dieguez,<em>Transhumanismo. La b\u00fasqueda tecnol\u00f3gica del mejoramiento humano<\/em>, Barcelona, 2017.<br \/>\u2014 Jes\u00fas Conill Sancho, \u00ab<a href=\"https:\/\/revistas.comillas.edu\/index.php\/razonyfe\/article\/view\/11633\/10887\" target=\"_blank\" rel=\"noreferrer noopener\">M\u00e1s all\u00e1 de la naturalizaci\u00f3n y tecnologizaci\u00f3n de la vida humana<\/a>\u00ab, <em>Raz\u00f3n y fe<\/em>, 2019, t. 280, n\u00ba 1441, pp. 141-154.<br \/>\u2014 Adela Cortina, \u00ab<a href=\"https:\/\/revistas.comillas.edu\/index.php\/pensamiento\/article\/view\/18740\/16528\" target=\"_blank\" rel=\"noreferrer noopener\">Los desaf\u00edos \u00e9ticos del transhumanismo<\/a>\u00ab, <em>Pensamiento<\/em>, 78(2022), pp. 471-483.<br \/>\u2014 Fernando LLano, <em>Homo excelsior. Los l\u00edmites \u00e9tico-jur\u00eddicos del transhumanismo, <\/em>Valencia, 2018.<br \/>\u2014 Luis Franco Vera, \u00ab<strong><a href=\"https:\/\/dialnet.unirioja.es\/servlet\/articulo?codigo=8518273\">El transhumanismo<\/a><\/strong>:&nbsp;\u00bftiene una base biom\u00e9dica?\u00bb, <a href=\"https:\/\/dialnet.unirioja.es\/servlet\/revista?codigo=20986\"><em>Anales (Reial Acad\u00e8mia de Medicina de la Comunitat Valenciana)<\/em><\/a>,&nbsp;ISSN-e&nbsp;2172-8925,&nbsp;<a href=\"https:\/\/dialnet.unirioja.es\/ejemplar\/607487\">N\u00ba. 21, 2020<\/a>. <a href=\"https:\/\/dialnet.unirioja.es\/servlet\/articulo?codigo=8518273&amp;orden=0&amp;info=link\">Texto completo<\/a>. M\u00e1s informaci\u00f3n sobre el autor y sus publicaciones en <a href=\"https:\/\/dialnet.unirioja.es\/servlet\/autor?codigo=1017741\" target=\"_blank\" rel=\"noreferrer noopener\">Dialnet<\/a><br \/>\u2014 <br \/><\/p>\n\n\n\n<figure class=\"wp-block-gallery has-nested-images columns-default is-cropped wp-block-gallery-1 is-layout-flex wp-block-gallery-is-layout-flex\">\n<figure class=\"wp-block-image size-large\"><img loading=\"lazy\" decoding=\"async\" width=\"266\" height=\"408\" data-id=\"6876\" src=\"https:\/\/www.graduats.org\/wordpress\/wp-content\/uploads\/2025\/10\/Captura-de-Jorge-2025-10-13-a-las-11.39.16.png\" alt=\"\" class=\"wp-image-6876\" srcset=\"http:\/\/www.graduats.org\/wordpress\/wp-content\/uploads\/2025\/10\/Captura-de-Jorge-2025-10-13-a-las-11.39.16.png 266w, http:\/\/www.graduats.org\/wordpress\/wp-content\/uploads\/2025\/10\/Captura-de-Jorge-2025-10-13-a-las-11.39.16-196x300.png 196w\" sizes=\"auto, (max-width: 266px) 100vw, 266px\" \/><\/figure>\n\n\n\n<figure class=\"wp-block-image size-large\"><img loading=\"lazy\" decoding=\"async\" width=\"358\" height=\"514\" data-id=\"6875\" src=\"https:\/\/www.graduats.org\/wordpress\/wp-content\/uploads\/2025\/10\/Captura-de-Jorge-2025-10-13-a-las-11.38.17.png\" alt=\"\" class=\"wp-image-6875\" srcset=\"http:\/\/www.graduats.org\/wordpress\/wp-content\/uploads\/2025\/10\/Captura-de-Jorge-2025-10-13-a-las-11.38.17.png 358w, http:\/\/www.graduats.org\/wordpress\/wp-content\/uploads\/2025\/10\/Captura-de-Jorge-2025-10-13-a-las-11.38.17-209x300.png 209w\" sizes=\"auto, (max-width: 358px) 100vw, 358px\" \/><\/figure>\n\n\n\n<figure class=\"wp-block-image size-large\"><img loading=\"lazy\" decoding=\"async\" width=\"326\" height=\"513\" data-id=\"6874\" src=\"https:\/\/www.graduats.org\/wordpress\/wp-content\/uploads\/2025\/10\/Captura-de-Jorge-2025-10-13-a-las-11.38.10.png\" alt=\"\" class=\"wp-image-6874\" srcset=\"http:\/\/www.graduats.org\/wordpress\/wp-content\/uploads\/2025\/10\/Captura-de-Jorge-2025-10-13-a-las-11.38.10.png 326w, http:\/\/www.graduats.org\/wordpress\/wp-content\/uploads\/2025\/10\/Captura-de-Jorge-2025-10-13-a-las-11.38.10-191x300.png 191w\" sizes=\"auto, (max-width: 326px) 100vw, 326px\" \/><\/figure>\n<\/figure>\n\n\n\n<div class=\"wp-block-media-text has-media-on-the-right is-stacked-on-mobile\" style=\"grid-template-columns:auto 30%\"><div class=\"wp-block-media-text__content\">\n<p class=\"has-small-font-size\">El mejoramiento humano a debate,&nbsp;Ester Busquets Alib\u00e9s&nbsp;y&nbsp;Montserrat Escribano.<br \/>Para comprender el transhumanismo<em>,&nbsp;Ester Busquets Alib\u00e9s.<\/em><br \/>La esperanza de liberarnos de lo que somos: Una mirada cristiana sobre la ideolog\u00eda transhumanista<em>,&nbsp;Roberto Casas.<\/em>Transhumanismo: entre la ideolog\u00eda y la antropolog\u00eda. <br \/>Una mirada cinematogr\u00e1fica, <em>Tom\u00e1s Domingo Moratalla.<\/em><br \/>Albert Cortina. El humanismo avanzado como alternativa al transhumanismo y al posthumanismo<em>,&nbsp;Teresa Forcades.<\/em><br \/>\u00bfBueno, mejor o lo mejor?<em>,&nbsp;Arthur L. Caplan.<\/em><br \/>Transhumanismo y teolog\u00eda<em>,&nbsp;Montserrat Escribano.<\/em><br \/>Transhumanismo y cuidados,&nbsp;Francisco Javier Vallbuena Ruiz, OFS.<br \/>Madeleine Delbr\u00eal: \u00bfQui\u00e9n es mi pr\u00f3jimo?<em>,&nbsp;Juan Francisco Comendador Prisuelos.<\/em><br \/>Frankenstein,&nbsp;Teresa Forcades.<br \/><a href=\"http:\/\/www.graduats.org\/wordpress\/wp-content\/uploads\/2026\/02\/iViva-281-Transhumanizacion.pdf\" target=\"_blank\" rel=\"noreferrer noopener\">ENLACE AL N\u00daMERO DE LA REVISTA EN PDF<\/a><\/p>\n<\/div><figure class=\"wp-block-media-text__media\"><a href=\"http:\/\/www.graduats.org\/wordpress\/wp-content\/uploads\/2026\/02\/iViva-281-Transhumanizacion.pdf\" target=\"_blank\" rel=\" noreferrer noopener\"><img loading=\"lazy\" decoding=\"async\" width=\"436\" height=\"612\" src=\"http:\/\/www.graduats.org\/wordpress\/wp-content\/uploads\/2025\/10\/Captura-de-Jorge-2025-10-13-a-las-11.51.37.png\" alt=\"\" class=\"wp-image-6881 size-full\" srcset=\"http:\/\/www.graduats.org\/wordpress\/wp-content\/uploads\/2025\/10\/Captura-de-Jorge-2025-10-13-a-las-11.51.37.png 436w, http:\/\/www.graduats.org\/wordpress\/wp-content\/uploads\/2025\/10\/Captura-de-Jorge-2025-10-13-a-las-11.51.37-214x300.png 214w\" sizes=\"auto, (max-width: 436px) 100vw, 436px\" \/><\/a><\/figure><\/div>\n\n\n\n<p><\/p>\n","protected":false},"excerpt":{"rendered":"<p>CALENDARIO DE ACTIVIDADES PROGRAMADAS Retiro de Navidad: S\u00e1bado 20 diciembre 17:00h. Colegio de PatriarcaEjercicios espirituales: 6-8 de marzo. D. Jos\u00e9 Vilaplana. Monasterio de Nuestra Se\u00f1ora de los\u00a0 \u00c1ngeles (J\u00e1vea).Asamblea fin de curso: 20 \u00f3 21 de junioJornadas de estudio de Profesionales Cristianos:\u00a028-30 de mayo de 2026. MadridForum Cristianisme i mon d\u2019avui: 18 D&#8217;ABRIL\u00a0DE 2026. COL\u00b7LEGI [&hellip;]<\/p>\n","protected":false},"author":1,"featured_media":6883,"comment_status":"closed","ping_status":"closed","sticky":false,"template":"","format":"standard","meta":{"footnotes":""},"categories":[9],"tags":[],"class_list":["post-6872","post","type-post","status-publish","format-standard","has-post-thumbnail","hentry","category-noticias"],"_links":{"self":[{"href":"http:\/\/www.graduats.org\/wordpress\/wp-json\/wp\/v2\/posts\/6872","targetHints":{"allow":["GET"]}}],"collection":[{"href":"http:\/\/www.graduats.org\/wordpress\/wp-json\/wp\/v2\/posts"}],"about":[{"href":"http:\/\/www.graduats.org\/wordpress\/wp-json\/wp\/v2\/types\/post"}],"author":[{"embeddable":true,"href":"http:\/\/www.graduats.org\/wordpress\/wp-json\/wp\/v2\/users\/1"}],"replies":[{"embeddable":true,"href":"http:\/\/www.graduats.org\/wordpress\/wp-json\/wp\/v2\/comments?post=6872"}],"version-history":[{"count":18,"href":"http:\/\/www.graduats.org\/wordpress\/wp-json\/wp\/v2\/posts\/6872\/revisions"}],"predecessor-version":[{"id":6948,"href":"http:\/\/www.graduats.org\/wordpress\/wp-json\/wp\/v2\/posts\/6872\/revisions\/6948"}],"wp:featuredmedia":[{"embeddable":true,"href":"http:\/\/www.graduats.org\/wordpress\/wp-json\/wp\/v2\/media\/6883"}],"wp:attachment":[{"href":"http:\/\/www.graduats.org\/wordpress\/wp-json\/wp\/v2\/media?parent=6872"}],"wp:term":[{"taxonomy":"category","embeddable":true,"href":"http:\/\/www.graduats.org\/wordpress\/wp-json\/wp\/v2\/categories?post=6872"},{"taxonomy":"post_tag","embeddable":true,"href":"http:\/\/www.graduats.org\/wordpress\/wp-json\/wp\/v2\/tags?post=6872"}],"curies":[{"name":"wp","href":"https:\/\/api.w.org\/{rel}","templated":true}]}}