{"id":6949,"date":"2026-04-05T20:43:02","date_gmt":"2026-04-05T18:43:02","guid":{"rendered":"https:\/\/www.graduats.org\/wordpress\/?p=6949"},"modified":"2026-04-06T05:10:58","modified_gmt":"2026-04-06T03:10:58","slug":"ejercicios-espirituales-graduats-px","status":"publish","type":"post","link":"http:\/\/www.graduats.org\/wordpress\/ejercicios-espirituales-graduats-px\/","title":{"rendered":"Ejercicios Espirituales Graduats-Px"},"content":{"rendered":"\n<p class=\"has-text-align-center\">En J\u00e1vea, <strong>6,7,8 marzo 2026<\/strong>, dirigidos por <strong>D. Antonio Vilaplana, Obispo Em\u00e9rito de Huelva<\/strong><\/p>\n\n\n\n<p class=\"has-text-align-center\"><em>Un resumen de Julia de los ejercicios espirituales que celebramos el pasado marzo. <\/em><br \/><em>Nos reunimos en el <a href=\"https:\/\/www.comunitatvalenciana.com\/es\/alacant-alicante\/xabia-javea\/monumentos\/monasterio-de-nuestra-senora-de-los-angeles\" data-type=\"link\" data-id=\"https:\/\/www.comunitatvalenciana.com\/es\/alacant-alicante\/xabia-javea\/monumentos\/monasterio-de-nuestra-senora-de-los-angeles\" target=\"_blank\" rel=\"noreferrer noopener\">Monasterio de Nuestra Se\u00f1ora de los \u00c1ngeles.<\/a> <\/em><br \/><em>Tambi\u00e9n pod\u00e9is verlo en la <a href=\"https:\/\/profesionalescristianos.com\/lo-que-decimos\/\" data-type=\"link\" data-id=\"https:\/\/profesionalescristianos.com\/lo-que-decimos\/\" target=\"_blank\" rel=\"noreferrer noopener\">p\u00e1gina de Profesionales Cristianos A.C <\/a><\/em><br \/><em>junto con el resto de la informaci\u00f3n del movimiento. <\/em><br \/>&#8212;&#8212;&#8212;-<\/p>\n\n\n\n<p>Comenzamos el viernes por la tarde con la oraci\u00f3n de la noche. Las tres sesiones de<br \/>reflexi\u00f3n se centraron en el Credo. D. Antonio nos present\u00f3 una meditaci\u00f3n sobre cada<br \/>una de las afirmaciones de fe, tras las cuales ten\u00edamos tiempos de silencio y lectura de<br \/>algunos pasajes b\u00edblicos, seguidos por un coloquio en que cada cual plasmaba su<br \/>reflexi\u00f3n personal.<\/p>\n\n\n\n<p>Tuvimos una celebraci\u00f3n penitencial, inmersa en largos tiempos de silencio, y<br \/>acompa\u00f1ada de la lectura de un fragmento de la exhortaci\u00f3n apost\u00f3lica Dilexit Te: \u201cEl<br \/>buen samaritano de nuevo\u201d,del Papa Le\u00f3n XIV. Al final de la ma\u00f1ana del domingo<br \/>celebramos la Eucarist\u00eda.<\/p>\n\n\n\n<p><strong>CREER EN DIOS PADRE<\/strong><br \/>Estamos en un camino de conversi\u00f3n hacia una fe aut\u00e9ntica que interpela y discierne para<br \/>que nos atrevamos a llamarle Padre de nuevo.. .Vivir la fe como confianza que no se deja<br \/>disuadir, experimentar el asombro ante el misterio de Dios, no perder la conciencia de ser<br \/>criaturas. \u00danicamente conocemos a Dios cuando lo sentimos como dador d la vida. Vale<br \/>la pena que yo exista, como fruto de un pensamiento amoroso de Dios. Las palabras<br \/>sobre Dios son un pobre balbuceo, puesto que siempre la verdad ser\u00e1 m\u00e1s grande que<br \/>nosotros mismos.<\/p>\n\n\n\n<p>La reflexi\u00f3n personal de desarroll\u00f3 sobre las preguntas realizadas tras la creaci\u00f3n del<br \/>hombre y la mujer aplicadas a cada uno de nosotros: \u00bfD\u00f3nde est\u00e1s? \u00bfC\u00f3mo est\u00e1s?<\/p>\n\n\n\n<p>\u00bfQui\u00e9n te ha informado?<\/p>\n\n\n\n<p>Vivir de verdad lo que se cree, evangeliza\u2026<\/p>\n\n\n\n<p><strong>CREER EN DIOS HIJO<\/strong><br \/>Creo en Jes\u00fas gracias a un encuentro que transforma e invita a la conversi\u00f3n como gracia<br \/>que Dios nos da. No hay que caer en un voluntarismo que resulta infecundo. En Cristo se<br \/>manifiesta el amor de Dios, que nos lleva a renovar la adhesi\u00f3n a la persona de Jes\u00fas.<br \/>\u00c9l se hace cercano y nos lleva a experimentar la buena noticia con sus palabras. De este<br \/>modo entra en nuestro interior sin avergonzarse de nuestras deserciones. Nos renueva<br \/>por dentro.<\/p>\n\n\n\n<p>Tambi\u00e9n Jes\u00fas se hace servidor, que dignifica todo lo que encuentra, haci\u00e9ndonos<br \/>capaces se servir\u2026hasta que no quede nada por dar.<br \/>Necesitamos recuperar ese aliento del amor que siempre vence. Es una conversi\u00f3n al<br \/>discipulado.<\/p>\n\n\n\n<p>Las preguntas para la reflexi\u00f3n : Si Jes\u00fas estuviera en mi lugar, qu\u00e9 har\u00eda?\u00bfc\u00f3mo<br \/>corresponder a ese amor? \u00bfQu\u00e9 ha hecho Jes\u00fas por m\u00ed? \u00bfQu\u00e9 puedo hacer por \u00c9l?<\/p>\n\n\n\n<p><strong>CREER EN DIOS ESP\u00cdRITU<\/strong><br \/>El acto de fe est\u00e1 vinculado con el Esp\u00edritu. Ahora toca continuar la misi\u00f3n: con el Esp\u00edritu<br \/>Santo el cosmos se levanta y gime. Hay una gran desproporci\u00f3n entre la peque\u00f1ez de los<br \/>evangelizadores y la magnitud de la misi\u00f3n. Invocar al Esp\u00edritu nos trae esperanza, y nos<br \/>hace revivir la confianza, ya que la fuerza de Dios se realiza en la debilidad.<\/p>\n\n\n\n<p>No tenemos la exclusiva del Esp\u00edritu Santo. El Esp\u00edritu reparte los carismas\u2026\u00bfqu\u00e9<br \/>carismas he recibido yo para el crecimiento de la Iglesia? \u00bfC\u00f3mo los cultivo? \u00bflos<br \/>ofrezco?<\/p>\n\n\n\n<p>Debemos ser comunidad que armoniza los carismas, aportando lo mejor de nosotros<br \/>mismos para el bien de la Iglesia.<\/p>\n\n\n\n<figure class=\"wp-block-image size-full\"><img loading=\"lazy\" decoding=\"async\" width=\"980\" height=\"667\" src=\"http:\/\/www.graduats.org\/wordpress\/wp-content\/uploads\/2026\/04\/ejercicio2026.jpeg\" alt=\"\" class=\"wp-image-6950\" srcset=\"http:\/\/www.graduats.org\/wordpress\/wp-content\/uploads\/2026\/04\/ejercicio2026.jpeg 980w, http:\/\/www.graduats.org\/wordpress\/wp-content\/uploads\/2026\/04\/ejercicio2026-300x204.jpeg 300w, http:\/\/www.graduats.org\/wordpress\/wp-content\/uploads\/2026\/04\/ejercicio2026-768x523.jpeg 768w\" sizes=\"auto, (max-width: 980px) 100vw, 980px\" \/><\/figure>\n\n\n\n<p><\/p>\n","protected":false},"excerpt":{"rendered":"<p>En J\u00e1vea, 6,7,8 marzo 2026, dirigidos por D. Antonio Vilaplana, Obispo Em\u00e9rito de Huelva Un resumen de Julia de los ejercicios espirituales que celebramos el pasado marzo. Nos reunimos en el Monasterio de Nuestra Se\u00f1ora de los \u00c1ngeles. Tambi\u00e9n pod\u00e9is verlo en la p\u00e1gina de Profesionales Cristianos A.C junto con el resto de la informaci\u00f3n [&hellip;]<\/p>\n","protected":false},"author":1,"featured_media":6950,"comment_status":"closed","ping_status":"closed","sticky":false,"template":"","format":"standard","meta":{"footnotes":""},"categories":[13,14],"tags":[],"class_list":["post-6949","post","type-post","status-publish","format-standard","has-post-thumbnail","hentry","category-profesionales-cristianos","category-reflexiones"],"_links":{"self":[{"href":"http:\/\/www.graduats.org\/wordpress\/wp-json\/wp\/v2\/posts\/6949","targetHints":{"allow":["GET"]}}],"collection":[{"href":"http:\/\/www.graduats.org\/wordpress\/wp-json\/wp\/v2\/posts"}],"about":[{"href":"http:\/\/www.graduats.org\/wordpress\/wp-json\/wp\/v2\/types\/post"}],"author":[{"embeddable":true,"href":"http:\/\/www.graduats.org\/wordpress\/wp-json\/wp\/v2\/users\/1"}],"replies":[{"embeddable":true,"href":"http:\/\/www.graduats.org\/wordpress\/wp-json\/wp\/v2\/comments?post=6949"}],"version-history":[{"count":3,"href":"http:\/\/www.graduats.org\/wordpress\/wp-json\/wp\/v2\/posts\/6949\/revisions"}],"predecessor-version":[{"id":6954,"href":"http:\/\/www.graduats.org\/wordpress\/wp-json\/wp\/v2\/posts\/6949\/revisions\/6954"}],"wp:featuredmedia":[{"embeddable":true,"href":"http:\/\/www.graduats.org\/wordpress\/wp-json\/wp\/v2\/media\/6950"}],"wp:attachment":[{"href":"http:\/\/www.graduats.org\/wordpress\/wp-json\/wp\/v2\/media?parent=6949"}],"wp:term":[{"taxonomy":"category","embeddable":true,"href":"http:\/\/www.graduats.org\/wordpress\/wp-json\/wp\/v2\/categories?post=6949"},{"taxonomy":"post_tag","embeddable":true,"href":"http:\/\/www.graduats.org\/wordpress\/wp-json\/wp\/v2\/tags?post=6949"}],"curies":[{"name":"wp","href":"https:\/\/api.w.org\/{rel}","templated":true}]}}