{"id":702,"date":"2011-11-02T08:51:09","date_gmt":"2011-11-02T07:51:09","guid":{"rendered":"http:\/\/graduats.wordpress.com\/?p=702"},"modified":"2011-11-02T08:51:09","modified_gmt":"2011-11-02T07:51:09","slug":"ii%c2%aajornada-de-formacio-per-al-compromis","status":"publish","type":"post","link":"http:\/\/www.graduats.org\/wordpress\/ii%c2%aajornada-de-formacio-per-al-compromis\/","title":{"rendered":"II\u00aa Jornada de Formaci\u00f3 per al COMPROM\u00cdS"},"content":{"rendered":"<p>Estima,\u00a0Estimada<\/p>\n<div>Pot ser, moltes vegades, t&#8217;has plantejat com \u00e9s el teu consum i des del mateix, quins valors est\u00e0s duent a terme.<\/div>\n<div>Si pots i vols, el PROPER DISSABTE, tens la possibilitat de confrontar les teus idees al respecte amb un expert i els propis participants. Ho organitzem des de la FUNDACI\u00d3 NOVATERRA i les dades de l&#8217;activitat s\u00f3n les seg\u00fcents:<\/div>\n<div><strong><span style=\"font-size:medium;\"><a href=\"http:\/\/www.novaterra.org.es\/ii-jornadas-de-formacion-para-el-compromiso\/\" target=\"_blank\">II\u00aaJornada de Formaci\u00f3 per al COMPROM\u00cdS<\/a><\/span><\/strong><\/div>\n<div><\/div>\n<div><\/div>\n<div><strong>DIA: Dissabte 5 de Novembre de 2011 d&#8217;11,15 a 14,00 hores<\/strong><\/div>\n<div><strong><\/strong><strong>LLOC: Col\u00b7legi EL PILAR. Blasco Iba\u00f1ez, 35. Val\u00e8ncia<\/strong><\/div>\n<div><strong><\/strong><strong>ACTIVITATS:<\/strong><\/div>\n<div><strong><\/strong><strong>11,15 Acreditaci\u00f3<\/strong><\/div>\n<div><strong><\/strong><strong>11,30 Benvinguda<\/strong><\/div>\n<div><strong><\/strong><strong>11,40<span style=\"font-family:'Courier New';\">\u00a0<\/span><\/strong><strong>Confer\u00e8ncia \u00abSOMOS LO QUE COMPRAMOS. Consumo responsable\u00bb a c\u00e0rrec de\u00a0<a href=\"http:\/\/www.upcomillas.es\/profesores\/ballesteros\/\" target=\"_blank\">Carlos Ballesteros<\/a>.<\/strong><\/div>\n<div><strong><\/strong><strong>12,40.-<span style=\"font-family:'Courier New';\">\u00a0<\/span><\/strong>\u00a0<strong>Treball en grups<\/strong><\/div>\n<div><strong><\/strong><strong>13,00.- \u00a0Posada en com\u00fa<\/strong><\/div>\n<div><strong><\/strong><strong>13,30.- \u00a0<\/strong><strong>Proposta del grup de Consum responsable de Novaterra<\/strong><\/div>\n<div>\n<div>\n<div>\n<div>\n<div>\n<div>\n<div>\n<div>\n<p align=\"left\"><strong>Si est\u00e0s interessat\/da en participar pots posar-te en contacte amb \u00a0<\/strong><strong>Ricardo Bou en\u00a0<a href=\"mailto:voluntariado@novaterra.org.es\" target=\"_blank\">voluntariado@novaterra.org.es<\/a><\/strong><strong>\u00a0<\/strong><strong>o en els tel\u00e8fons:<\/strong><strong>\u00a0<\/strong><strong><a href=\"963253197\" target=\"_blank\">963253197<\/a><\/strong><strong>\u00a0<\/strong><strong>\u00f3<\/strong><strong>\u00a0<\/strong><strong><a href=\"646792252\" target=\"_blank\">646792252<\/a>.<\/strong><\/p>\n<p align=\"left\">\n<\/div>\n<\/div>\n<\/div>\n<\/div>\n<\/div>\n<\/div>\n<\/div>\n<\/div>\n","protected":false},"excerpt":{"rendered":"<p>Estima,\u00a0Estimada Pot ser, moltes vegades, t&#8217;has plantejat com \u00e9s el teu consum i des del mateix, quins valors est\u00e0s duent a terme. Si pots i vols, el PROPER DISSABTE, tens la possibilitat de confrontar les teus idees al respecte amb un expert i els propis participants. Ho organitzem des de la FUNDACI\u00d3 NOVATERRA i les [&hellip;]<\/p>\n","protected":false},"author":1,"featured_media":0,"comment_status":"open","ping_status":"open","sticky":false,"template":"","format":"standard","meta":{"footnotes":""},"categories":[11],"tags":[],"class_list":["post-702","post","type-post","status-publish","format-standard","hentry","category-convocatorias"],"_links":{"self":[{"href":"http:\/\/www.graduats.org\/wordpress\/wp-json\/wp\/v2\/posts\/702","targetHints":{"allow":["GET"]}}],"collection":[{"href":"http:\/\/www.graduats.org\/wordpress\/wp-json\/wp\/v2\/posts"}],"about":[{"href":"http:\/\/www.graduats.org\/wordpress\/wp-json\/wp\/v2\/types\/post"}],"author":[{"embeddable":true,"href":"http:\/\/www.graduats.org\/wordpress\/wp-json\/wp\/v2\/users\/1"}],"replies":[{"embeddable":true,"href":"http:\/\/www.graduats.org\/wordpress\/wp-json\/wp\/v2\/comments?post=702"}],"version-history":[{"count":0,"href":"http:\/\/www.graduats.org\/wordpress\/wp-json\/wp\/v2\/posts\/702\/revisions"}],"wp:attachment":[{"href":"http:\/\/www.graduats.org\/wordpress\/wp-json\/wp\/v2\/media?parent=702"}],"wp:term":[{"taxonomy":"category","embeddable":true,"href":"http:\/\/www.graduats.org\/wordpress\/wp-json\/wp\/v2\/categories?post=702"},{"taxonomy":"post_tag","embeddable":true,"href":"http:\/\/www.graduats.org\/wordpress\/wp-json\/wp\/v2\/tags?post=702"}],"curies":[{"name":"wp","href":"https:\/\/api.w.org\/{rel}","templated":true}]}}