{"id":871,"date":"2012-02-06T16:39:28","date_gmt":"2012-02-06T15:39:28","guid":{"rendered":"http:\/\/graduats.wordpress.com\/?p=871"},"modified":"2012-02-06T16:39:28","modified_gmt":"2012-02-06T15:39:28","slug":"a-raiz-del-cierre-del-mas-al-vent","status":"publish","type":"post","link":"http:\/\/www.graduats.org\/wordpress\/a-raiz-del-cierre-del-mas-al-vent\/","title":{"rendered":"A ra\u00edz del cierre del Mas al Vent"},"content":{"rendered":"<p>REFLEXIONES EN TORNO A LA MUERTE DEL TERCER SECTOR.<\/p>\n<p>Mar\u00eda Iborra Juan<\/p>\n<p style=\"text-align:justify;\">Hay hijos que nacen, enferman y que tras muchos desvelos y preocupaciones no consiguen salir adelante y mueren; pero hay hijos por los que nadie pregunta, que nadie quiere y que mueren porque quien deber\u00eda hacerlo no se hace responsable de ellos.<br \/>\n<!--more-->Hoy me llega la noticia de que <em>Mas al Vent<\/em> se cierra. Para los ajenos al mundo de lo social <em>Mas al Vent<\/em> es un hogar en B\u00e9tera para enfermos terminales de SIDA. Iba a escribir residencia pero <em>Mas al Vent<\/em> no es un lugar es un hogar.<br \/>\nEl 5 de julio de 1990 entr\u00f3 el primer acogido en la vivienda y ha seguido funcionando desde hace m\u00e1s de 20 a\u00f1os con el impulso de C\u00e1ritas diocesana de Valencia; en <em>Mas al Vent<\/em> se han ido atendiendo d\u00eda tras d\u00eda a unos 15 enfermos, financi\u00e1ndose parcialmente por la Conseller\u00eda de Sanidad, atendida por C\u00e1ritas y desde hace poco tiempo por la Fundaci\u00f3n Maides.<br \/>\nEs un hogar para enfermos avanzados y terminales de SIDA, con todo lo que conlleva de aislamiento, de olvido, de rechazo social; de miedo al contagio. Son los verdaderos apestados de nuestro tiempo, que viven en una cuarentena interminable. Son enfermos terminales de SIDA que adem\u00e1s de su enfermedad no tienen apoyo familiar, lo han perdido muchas veces; en repetidas ocasiones a\u00f1aden a su enfermedad trastornos mentales o trastornos derivados de su relaci\u00f3n pasada con las drogas. Son excluidos social y sanitariamente. Para enfermos y excluidos. Enfermos y pobres, enfermos y solos. Para personas sin ning\u00fan apoyo ni red familiar o social que el SIDA ha dejado todav\u00eda m\u00e1s solos.<br \/>\nEn sus primeros diez a\u00f1os de existencia, de los 220 enfermos que <em>Mas al Vent<\/em> atendi\u00f3 121 fallecieron. Se dignificaba la vida, pero tambi\u00e9n se dignificaba la muerte. Una muerte a la que llegan siendo todav\u00eda j\u00f3venes en muchos de los casos. <em>Mas al Vent<\/em> les ofrec\u00eda una muerte en un hogar. En esta sociedad valenciana, tan rica y opulenta para algunas cosas, tan pobre y m\u00edsera para otras, que va a aceptar que esa muerte les llegue tirados en la calle o debajo de un puente.<br \/>\nPero por qu\u00e9 el cierre de <em>Mas al Vent<\/em> es tan importante \u00bfqu\u00e9 representa adem\u00e1s <em>Mas al Vent<\/em>?<br \/>\n<em>Mas al Vent<\/em> enfrent\u00f3 a la sociedad. Representaba esa realidad de personas, de hombres y mujeres, que otra parte de la sociedad no quiere ver y sobre todo no quiere tener cerca. La puesta en marcha del centro no fue f\u00e1cil, las movilizaciones de una parte de la poblaci\u00f3n ante el miedo al contagio fueron buena prueba del rechazo a la enfermedad, el mismo rechazo que provoc\u00f3 el a\u00f1o pasado su potencial traslado a la Eliana.<br \/>\nPara mi representa adem\u00e1s una apuesta por la sociedad civil, por el tercer sector, por la iniciativa privada que, sin \u00e1nimo de lucro, decide afrontar un problema o un reto desde su compromiso ciudadano. <em>Mas al Vent<\/em> es un proyecto en el que personas, en este caso creyentes, optan por dar soluci\u00f3n a retos de la sociedad, de sus hombres y mujeres para los que no hay respuesta p\u00fablica, retos para los que no es posible la obtenci\u00f3n de beneficio privado.<br \/>\n<em>Mas al Vent<\/em> es un hijo del compromiso ciudadano creyente, que confi\u00f3, quiz\u00e1s demasiado, en la posibilidad de contar con el apoyo p\u00fablico; al amparo de esta confianza en gran parte de los casos, estos proyectos se pusieron a disposici\u00f3n de la red social o socio-sanitaria, profesionalizando su funcionamiento desde lo que hab\u00eda sido una red social de voluntariado a un equipo profesional con voluntarios de apoyo que era acreditado por el sistema p\u00fablico para prestar su servicio. Un servicio de todos, desde la iniciativa de los ciudadanos, para los necesitados.<br \/>\nSin embargo, en ese apoyo p\u00fablico hab\u00eda un caramelo envenenado. Gran parte del tercer sector crey\u00f3 en un compromiso serio y a largo plazo del talante p\u00fablico con la iniciativa ciudadana, solidaria, comprometida. Y en ese exceso de confianza las entidades creadas al amparo del tercer sector descuidaron la independencia financiera y la b\u00fasqueda de fuentes de financiaci\u00f3n alternativas.<br \/>\nY ahora, llega una administraci\u00f3n p\u00fablica que ampar\u00e1ndose bajo el paraguas de la crisis esconde que ha sido cigarra y no hormiga, que los a\u00f1os de crecimiento y especulaci\u00f3n no se utilizaron para crear dep\u00f3sitos de cosecha para los tiempos de hambre. La cigarra y la hormiga, una historia tantas veces escuchada, tantas veces olvidada.<br \/>\nY la administraci\u00f3n p\u00fablica rompe esas relaciones de confianza, esas propuestas de preocupaciones compartidas por lo p\u00fablico por las necesidades de todos. Y esa ruptura de la palabra dada, de la preocupaci\u00f3n compartida, se inicia en nuestra Comunidad Valenciana por los que no tienen voz, por los que no cuentan, por los enfermos y solos, por los enfermos y excluidos.<br \/>\nDesde una perspectiva cristiana, la opci\u00f3n del cierre es dif\u00edcil de entender. <em>Mas al Vent<\/em>, es un testimonio en el siglo XXI por los m\u00e1s pobres y necesitados. Por los leprosos de nuestros d\u00edas.<br \/>\nDurante el a\u00f1o pasado, he sido espectadora directa dos veces del rechazo que en la sociedad generan los excluidos, la nueva lepra de nuestros d\u00edas; una de ellas con el rechazo vecinal y la par\u00e1lisis pol\u00edtica al traslado <em>Mas al Vent<\/em> a la Eliana; la otra con la ubicaci\u00f3n de un centro de d\u00eda para drogodependientes en el barrio de Baladre en Sagunto. Nuevamente rechazo vecinal y par\u00e1lisis en el \u00e1mbito pol\u00edtico.<br \/>\nQuiz\u00e1s por ello m\u00e1s que nunca, los cristianos debemos testimoniar nuestra apuesta por los m\u00e1s pobres, por los excluidos, por la dignidad de todo hombre, por la dignidad de su vida y de su muerte. Cueste lo que cueste.<br \/>\nSe me argumentar\u00e1 que otras necesidades han aflorado en estos tiempos, y yo no las niego, porque ah\u00ed est\u00e1n en la prensa todos los d\u00edas. Pero la pregunta no es si la ayuda a los hambrientos o a los desnudos es m\u00e1s importante que la ayuda a los enfermos y excluidos. Esa es la falacia que nos han vendido desde el \u00e1mbito pol\u00edtico. No nos contagiemos en el \u00e1mbito creyente. Si es costoso ayudar a los enfermos de SIDA, busquemos alternativas, mejoremos la respuesta que est\u00e1bamos dando haci\u00e9ndola con eficiencia pero no cerremos la opci\u00f3n de vida por los m\u00e1s pobres.<br \/>\nEn el mismo sentido, desde el \u00e1mbito eclesial, se argumentar\u00e1 que muchas de estos proyectos han perdido su identidad, se han profesionalizado y a veces se echa de menos la presencia de identidad religiosa en ellos. No lo discuto, puede ser que sea as\u00ed. Sin embargo, son un testimonio de la opci\u00f3n por los pobres de nuestro tiempo, hayan hecho lo que hayan hecho para llegar ah\u00ed. Son hombres, para nosotros hijos de Dios, que en nosotros deben encontrar siempre el gesto y la acci\u00f3n de la misericordia y de la recuperaci\u00f3n de la dignidad. Si la identidad, en este sentido, no est\u00e1 clara, trabaj\u00e9mosla, reivindiqu\u00e9mosla, luchemos por ella desde el proyecto pero no la utilicemos como arma arrojadiza para cerrar.<br \/>\nUn cap\u00edtulo m\u00e1s que anticipa la agon\u00eda del tercer sector; en el siguiente cap\u00edtulo el turno le habr\u00e1 tocado a la red de cobertura sociosanitaria de la drogodependencia.<\/p>\n","protected":false},"excerpt":{"rendered":"<p>REFLEXIONES EN TORNO A LA MUERTE DEL TERCER SECTOR. Mar\u00eda Iborra Juan Hay hijos que nacen, enferman y que tras muchos desvelos y preocupaciones no consiguen salir adelante y mueren; pero hay hijos por los que nadie pregunta, que nadie quiere y que mueren porque quien deber\u00eda hacerlo no se hace responsable de ellos.<\/p>\n","protected":false},"author":1,"featured_media":0,"comment_status":"open","ping_status":"open","sticky":false,"template":"","format":"standard","meta":{"footnotes":""},"categories":[14],"tags":[],"class_list":["post-871","post","type-post","status-publish","format-standard","hentry","category-reflexiones"],"_links":{"self":[{"href":"http:\/\/www.graduats.org\/wordpress\/wp-json\/wp\/v2\/posts\/871","targetHints":{"allow":["GET"]}}],"collection":[{"href":"http:\/\/www.graduats.org\/wordpress\/wp-json\/wp\/v2\/posts"}],"about":[{"href":"http:\/\/www.graduats.org\/wordpress\/wp-json\/wp\/v2\/types\/post"}],"author":[{"embeddable":true,"href":"http:\/\/www.graduats.org\/wordpress\/wp-json\/wp\/v2\/users\/1"}],"replies":[{"embeddable":true,"href":"http:\/\/www.graduats.org\/wordpress\/wp-json\/wp\/v2\/comments?post=871"}],"version-history":[{"count":0,"href":"http:\/\/www.graduats.org\/wordpress\/wp-json\/wp\/v2\/posts\/871\/revisions"}],"wp:attachment":[{"href":"http:\/\/www.graduats.org\/wordpress\/wp-json\/wp\/v2\/media?parent=871"}],"wp:term":[{"taxonomy":"category","embeddable":true,"href":"http:\/\/www.graduats.org\/wordpress\/wp-json\/wp\/v2\/categories?post=871"},{"taxonomy":"post_tag","embeddable":true,"href":"http:\/\/www.graduats.org\/wordpress\/wp-json\/wp\/v2\/tags?post=871"}],"curies":[{"name":"wp","href":"https:\/\/api.w.org\/{rel}","templated":true}]}}