{"id":900,"date":"2012-03-05T11:37:56","date_gmt":"2012-03-05T10:37:56","guid":{"rendered":"http:\/\/graduats.wordpress.com\/?p=900"},"modified":"2012-03-05T11:37:56","modified_gmt":"2012-03-05T10:37:56","slug":"ejercicios-2012","status":"publish","type":"post","link":"http:\/\/www.graduats.org\/wordpress\/ejercicios-2012\/","title":{"rendered":"Ejercicios 2012"},"content":{"rendered":"<p><a href=\"http:\/\/graduats.files.wordpress.com\/2012\/03\/antigua.jpg\"><img loading=\"lazy\" decoding=\"async\" class=\"size-medium wp-image-903 alignright\" title=\"Nuestra Se\u00f1ora de La Antigua\" src=\"http:\/\/graduats.files.wordpress.com\/2012\/03\/antigua.jpg?w=114\" alt=\"\" width=\"114\" height=\"300\" \/><\/a>\u00a0 \u00a0Los d\u00edas 3 y 4 de marzo celebramos en la Casa de Encuentros N\u00aa S\u00aa de las Aguas Blancas (Viver) nuestras jornadas de reflexi\u00f3n anuales. Un buen lugar donde hemos sido magn\u00edficamente acogidos y alimentados -gracias a Lola y al resto de las personas que se ocupan de la casa-.<br \/>\nEste a\u00f1o, por primera vez, las jornadas han sido preparadas e impartidas por laicos; mejor dicho, por dos laicas: Julia Navarro y Emilia Bea.<\/p>\n<p>Julia se ha encargado de la preparaci\u00f3n de los dos d\u00edas -incluyendo las oraciones- y ha elaborado dos reflexiones: \u00abLa fe cristiana\u00bb y \u00abLa iglesia, comunidad de acogida\u00bb; Emilia nos habl\u00f3, con profunda emoci\u00f3n, de Etty Hillesum en \u00abQuisieramos ser un b\u00e1lsamo para tantas heridas\u00bb.<\/p>\n<p>Materiales:<\/p>\n<ul>\n<ul>\n<li><a title=\"Documentaci\u00f3n. Oraciones...\" href=\"http:\/\/graduats.files.wordpress.com\/2012\/03\/ejercicios2012.pdf\" target=\"_blank\">Documentaci\u00f3n para los ejercicios<\/a>.<\/li>\n<li><a title=\"La fe cristiana\" href=\"http:\/\/graduats.files.wordpress.com\/2012\/03\/fecristiana.pdf\" target=\"_blank\">La fe cristiana<\/a><\/li>\n<li>Etty Hillesum. Quisi\u00e9ramos ser un b\u00e1lsamo para tantas heridas<\/li>\n<li><a title=\"La iglesia, comunidad de acogida\" href=\"http:\/\/graduats.files.wordpress.com\/2012\/03\/iglesiacomunidad.pdf\" target=\"_blank\">La iglesia, comunidad de acogida<\/a><\/li>\n<\/ul>\n<\/ul>\n","protected":false},"excerpt":{"rendered":"<p>\u00a0 \u00a0Los d\u00edas 3 y 4 de marzo celebramos en la Casa de Encuentros N\u00aa S\u00aa de las Aguas Blancas (Viver) nuestras jornadas de reflexi\u00f3n anuales. Un buen lugar donde hemos sido magn\u00edficamente acogidos y alimentados -gracias a Lola y al resto de las personas que se ocupan de la casa-. Este a\u00f1o, por primera [&hellip;]<\/p>\n","protected":false},"author":1,"featured_media":0,"comment_status":"open","ping_status":"open","sticky":false,"template":"","format":"standard","meta":{"footnotes":""},"categories":[9,14],"tags":[],"class_list":["post-900","post","type-post","status-publish","format-standard","hentry","category-noticias","category-reflexiones"],"_links":{"self":[{"href":"http:\/\/www.graduats.org\/wordpress\/wp-json\/wp\/v2\/posts\/900","targetHints":{"allow":["GET"]}}],"collection":[{"href":"http:\/\/www.graduats.org\/wordpress\/wp-json\/wp\/v2\/posts"}],"about":[{"href":"http:\/\/www.graduats.org\/wordpress\/wp-json\/wp\/v2\/types\/post"}],"author":[{"embeddable":true,"href":"http:\/\/www.graduats.org\/wordpress\/wp-json\/wp\/v2\/users\/1"}],"replies":[{"embeddable":true,"href":"http:\/\/www.graduats.org\/wordpress\/wp-json\/wp\/v2\/comments?post=900"}],"version-history":[{"count":0,"href":"http:\/\/www.graduats.org\/wordpress\/wp-json\/wp\/v2\/posts\/900\/revisions"}],"wp:attachment":[{"href":"http:\/\/www.graduats.org\/wordpress\/wp-json\/wp\/v2\/media?parent=900"}],"wp:term":[{"taxonomy":"category","embeddable":true,"href":"http:\/\/www.graduats.org\/wordpress\/wp-json\/wp\/v2\/categories?post=900"},{"taxonomy":"post_tag","embeddable":true,"href":"http:\/\/www.graduats.org\/wordpress\/wp-json\/wp\/v2\/tags?post=900"}],"curies":[{"name":"wp","href":"https:\/\/api.w.org\/{rel}","templated":true}]}}