{"id":943,"date":"2012-03-26T09:54:14","date_gmt":"2012-03-26T08:54:14","guid":{"rendered":"http:\/\/graduats.wordpress.com\/?p=943"},"modified":"2012-03-26T09:54:14","modified_gmt":"2012-03-26T08:54:14","slug":"ante-la-reforma-laboral","status":"publish","type":"post","link":"http:\/\/www.graduats.org\/wordpress\/ante-la-reforma-laboral\/","title":{"rendered":"Ante la reforma laboral"},"content":{"rendered":"<p>Desde el Forum nos env\u00edan algunas reflexiones sobre la reforma laboral y la convocatoria de huelga general.<\/p>\n<p><!--more--><\/p>\n<p><span style=\"color:#ffffff;\">.<\/span><\/p>\n<p><strong>Reflexiones cristianas ante las reformas\u00a0<\/strong><strong>y la huelga\u00a0general del 29 de marzo de 2012<\/strong><\/p>\n<p>Dice el Concilio Vaticano II:<\/p>\n<p><em>\u201cLos gozos y las esperanzas, las tristezas y las angustias de los hombres de nuestro tiempo, sobre todo de los pobres y de cuantos sufren, son a la vez gozos y esperanzas, tristezas y angustias de los disc\u00edpulos de Cristo. Nada hay verdaderamente humano que no encuentre eco en su coraz\u00f3n\u201d. (Gaudium et Spes 1)<\/em><\/p>\n<p><em>\u201cSe equivocan los cristianos que, bajo pretexto de que no tenemos aqu\u00ed ciudad permanente, pues buscamos la futura, consideran que pueden descuidar las tareas temporales, sin darse cuenta que la propia fe es un motivo que les obliga al m\u00e1s perfecto cumplimiento de todas ellas seg\u00fan la vocaci\u00f3n personal de cada uno\u2026 El divorcio entre la fe y la vida diaria de muchos debe ser considerado como uno de los m\u00e1s graves errores de nuestra \u00e9poca\u00bb <\/em><em>(GS 43;<\/em><em> <\/em><em>cfr. 21; 34-39; 57)<\/em><\/p>\n<p>\u201cEn la g\u00e9nesis del ate\u00edsmo pueden tener parte no peque\u00f1a los propios creyentes, en cuanto que, con el descuido de la educaci\u00f3n religiosa, o con la exposici\u00f3n inadecuada de la doctrina, o incluso con los defectos de su vida religiosa, moral y social, han velado m\u00e1s bien que revelado el genuino rostro de Dios y de la religi\u00f3n\u201d. (GS,19)<\/p>\n<p>Partiendo de estos principios fundamentales del Concilio Vaticano II, <strong>ofrecemos algunos p\u00e1rrafos<\/strong> de las reflexiones que han manifestado, personas y colectivos cat\u00f3licos, ante las reformas y la HUELGA GENERAL DEL 29 DE MARZO DE 2012. Con ellas pretendemos iluminar la conciencia de las personas cristianas de nuestra Parroquia, de cara a su compromiso personal en este momento tan importante.<\/p>\n<p><strong>Comentario de una persona militante de la HOAC de Mondo\u00f1edo-Ferrol:<\/strong><\/p>\n<p>\u2026 Sin perder de vista la pluralidad que hay en la comunidad de creyentes, tenemos ante nosotros un momento hist\u00f3rico en el que los cristianos no podemos permanecer al margen, independientemente de ideolog\u00edas. Un momento en el que, queriendo leerlo desde las gafas del Evangelio, no consigo obtener ninguna lectura que no sea aqu\u00e9lla que me pone del lado de los m\u00e1s d\u00e9biles, de los que m\u00e1s est\u00e1n padeciendo la crisis econ\u00f3mica. Por m\u00e1s que me pongo esas gafas no puedo encontrar una respuesta que me haga ver las ventajas que la precarizaci\u00f3n del mercado laboral y la desregularizaci\u00f3n de las relaciones entre empresario y trabajador puedan ofrecer a la creaci\u00f3n de empleo, y de existir, que no se traduzca en una nueva forma de esclavitud que les vaya a afectar de forma grav\u00edsima a las futuras generaciones.<\/p>\n<p>Responder ante la reforma laboral con coherencia evang\u00e9lica es poner en pr\u00e1ctica el mandato de Jes\u00fas: amar al pr\u00f3jimo con la misma fuerza con la que nos amamos a nosotros mismos. El mismo amor que los que nos precedieron mostraron hacia nosotros, muchas veces a costa de su propia vida,\u00a0y que nosotros estamos obligados a devolver con igual intensidad a quienes nos van a suceder.<\/p>\n<p>El 29 de marzo tenemos ante nosotros una nueva encrucijada que en libertad debemos de asumir. Una libertad que otros, con la fuerza que s\u00f3lo el Se\u00f1or es capaz de transmitir, ganaron a base de sangre,\u00a0 sudor y l\u00e1grimas, y que nosotros no debemos desperdiciar, aun cuando apliquen contra nosotros la artiller\u00eda pesada del\u00a0 chantaje en forma de enormes cifras de paro de las que no somos culpables, teniendo muy en cuenta que son los propios causantes de la crisis los que ahora nos exigen esos sacrificios.<\/p>\n<p><strong>De la HOAC y la JOC de Bizkaia:<\/strong><\/p>\n<p>\u201cDesde el convencimiento de que el ser humano debe ser el centro de la actividad econ\u00f3mica y <a href=\"http:\/\/www.periodistadigital.com\/religion\/diocesis\/2012\/03\/22\/el-obispo-de-bilbao-prohibe-un-documento-de-pastoral-obrera-a-favor-de-la-huelga-general-iglesia-religion-.shtml\">laboral<\/a>, y de que la econom\u00eda debe orientarse a las necesidades de las personas y de sus familias, los movimientos apost\u00f3licos HOAC (Hermandad Obrera de Acci\u00f3n Cat\u00f3lica) y JOC (Juventud Obrera Cristiana) de Bizkaia mostramos nuestro apoyo a la huelga general convocada por las organizaciones obreras.<\/p>\n<p>La <a href=\"http:\/\/www.periodistadigital.com\/religion\/diocesis\/2012\/03\/22\/el-obispo-de-bilbao-prohibe-un-documento-de-pastoral-obrera-a-favor-de-la-huelga-general-iglesia-religion-.shtml\">reforma<\/a> laboral que provoca esta convocatoria de huelga, como otras reformas anteriores, va en la direcci\u00f3n de concebir a la persona como un sujeto secundari<strong>o<\/strong>, que se ver\u00e1 beneficiado de una hipot\u00e9tica mejora de la econom\u00eda de las empresas. Sin embargo, la historia viene demostrando que, las distintas <a href=\"http:\/\/www.periodistadigital.com\/religion\/diocesis\/2012\/03\/22\/el-obispo-de-bilbao-prohibe-un-documento-de-pastoral-obrera-a-favor-de-la-huelga-general-iglesia-religion-.shtml\">reformas<\/a> laborales realizadas y el crecimiento econ\u00f3mico anterior a la crisis, aumentaron la precariedad y el empobrecimiento de las familias trabajadoras.<\/p>\n<p>Como nos dicen nuestros obispos en su carta \u00abUna econom\u00eda al servicio de las personas\u00bb: \u00abno podemos esconder la cabeza frente a lo que est\u00e1 ocurriendo, ni mucho menos,<strong> <\/strong>mirar para otro lado frente al sufrimiento de tantas personas.<\/p>\n<p>Creemos que la huelga general es una oportunidad para reivindicar una concepci\u00f3n del trabajo humano como principio de vida, como elemento humanizador que procure la satisfacci\u00f3n de las necesidades materiales, culturales y espirituales de la persona. Una oportunidad tambi\u00e9n, para que las personas trabajadoras busquemos alternativas a un sistema capitalista que ha impuesto una cultura de la producci\u00f3n y el consumo que nos mantiene permanentemente insatisfechas\u201d.<\/p>\n<p>Los retos actuales que atraviesa la econom\u00eda requieren medidas pol\u00edticas concertadas\u00a0que subordinen la econom\u00eda financiera a la econom\u00eda productiva. La democracia es\u00a0tal, cuando hace justicia y toma partido por el ser humano. Es preciso, como han\u00a0pedido insistentemente Benedicto XVI y el Pontificio Consejo \u00abJusticia y Paz\u00bb, una\u00a0reforma del sistema financiero internacional. Esta reforma supondr\u00eda avanzar en\u00a0justicia social y comuni\u00f3n de bienes, redistribuyendo efectivamente la riqueza\u00a0existente;<strong> <\/strong>controlar la econom\u00eda especulativa y frenar el desmedido af\u00e1n de lucro,\u00a0en lugar de eliminar derechos. \u00c9ste es el camino que puede generar riqueza orientada\u00a0a la creaci\u00f3n de<strong> <\/strong>empleo decente<strong> <\/strong>y con derechos<strong> <\/strong>y a disminuir la pobreza<strong>.<\/strong><\/p>\n<p>El objetivo primordial de estas movilizaciones debe ser \u201cla defensa de un trabajo decente y la lucha por unas condiciones de vida dignas, especialmente para los sectores m\u00e1s empobrecidos de la sociedad\u201d.<\/p>\n<p><strong>De la Fraternidad Nacional Secular \u201cCarlos de Foucauld\u201d:<\/strong><\/p>\n<p>\u201cCreer en Jes\u00fas y proclamar el evangelio significa mantener posturas cr\u00edticas y de lucha contra los valores que nuestro sistema econ\u00f3mico quiere imponer a toda costa en nuestra sociedad.\u201d<\/p>\n<p>\u201cCon algunas actitudes de la Jerarqu\u00eda \u2026 se est\u00e1 consiguiendo que, a los ojos de la sociedad, exista un alineamiento completo de la Iglesia con la derecha pol\u00edtica y el poder econ\u00f3mico, de manera que resulta dif\u00edcil explicar que los pobres ocupan un lugar central en el Evangelio y que la lucha contra la pobreza y la exclusi\u00f3n es parte esencial de la construcci\u00f3n del Reino de Dios. Tales posicionamientos (de la Jerarqu\u00eda) han ido excluyendo progresivamente de la Iglesia a personas con sensibilidad social y han ido creando un parapeto enorme que dificulta generar esperanza evang\u00e9lica\u201d.<\/p>\n<p>\u201cNecesitamos una Iglesia que haga, al menos, el mismo \u00e9nfasis en la defensa de la igualdad y la justicia social que el que hace en materias de moral sexual y \u201cdefensa de la vida\u201d. Es una incongruencia proclamar que se est\u00e1 a favor de la familia cuando se est\u00e1 conforme con una ley que precariza el trabajo que la mantiene y atenta contra la dignidad de los que la forman\u201d.<\/p>\n<p><strong>Del F\u00f2rum Joan Alsina, formado por un centenar de curas de Girona:<\/strong><\/p>\n<p>\u201cEstem patint una dictadura dels mercats especulatius (&#8230;) i tamb\u00e9 la ideologia i la imposici\u00f3 del neoliberalisme econ\u00f2mic, que fomenta la cobd\u00edcia i el lucre d\u2019unes minories, i retalla i anul\u00b7la els drets m\u00e9s fonamentals de moltes persones i fam\u00edlies, tot condemnant-les a la pobresa.<\/p>\n<p>\u00abSembla que tots som c\u00f2mplices de la cada vegada m\u00e9s injusta situaci\u00f3 actual, perqu\u00e8 no ens atrevim a denunciar clarament com s\u2019ha arribat fins aqu\u00ed i qui s\u00f3n els responsables\u00bb.<\/p>\n<p>\u00abAmb l\u2019excusa de la sortida de la crisi, s\u2019estan violant impunement drets humans b\u00e0sics, com ara el treball i l\u2019habitatge. Per aquest cam\u00ed no es veu cap sortida de la crisi; es perden, per\u00f2, llocs de treball i es retallen drets laborals i socials, sindicals i salarials. L\u2019atur, la manca de subsidis, la pobresa que va creixent s\u00f3n un atac a la dignitat de persones i fam\u00edlies\u00bb.<\/p>\n<p>\u201cEls governs, en lloc d\u2019actuar per tal de frenar l\u2019especulaci\u00f3 econ\u00f2mica, ignoren o reprimeixen la justa indignaci\u00f3 de qui exigeixen treball i habitatge\u00bb.<\/p>\n<p>\u00abS\u00f3n injustes i immorals les retallades de les prestacions socials, sobre tot en sanitat i educaci\u00f3\u201d.<\/p>\n","protected":false},"excerpt":{"rendered":"<p>Desde el Forum nos env\u00edan algunas reflexiones sobre la reforma laboral y la convocatoria de huelga general.<\/p>\n","protected":false},"author":1,"featured_media":0,"comment_status":"open","ping_status":"open","sticky":false,"template":"","format":"standard","meta":{"footnotes":""},"categories":[9,14],"tags":[],"class_list":["post-943","post","type-post","status-publish","format-standard","hentry","category-noticias","category-reflexiones"],"_links":{"self":[{"href":"http:\/\/www.graduats.org\/wordpress\/wp-json\/wp\/v2\/posts\/943","targetHints":{"allow":["GET"]}}],"collection":[{"href":"http:\/\/www.graduats.org\/wordpress\/wp-json\/wp\/v2\/posts"}],"about":[{"href":"http:\/\/www.graduats.org\/wordpress\/wp-json\/wp\/v2\/types\/post"}],"author":[{"embeddable":true,"href":"http:\/\/www.graduats.org\/wordpress\/wp-json\/wp\/v2\/users\/1"}],"replies":[{"embeddable":true,"href":"http:\/\/www.graduats.org\/wordpress\/wp-json\/wp\/v2\/comments?post=943"}],"version-history":[{"count":0,"href":"http:\/\/www.graduats.org\/wordpress\/wp-json\/wp\/v2\/posts\/943\/revisions"}],"wp:attachment":[{"href":"http:\/\/www.graduats.org\/wordpress\/wp-json\/wp\/v2\/media?parent=943"}],"wp:term":[{"taxonomy":"category","embeddable":true,"href":"http:\/\/www.graduats.org\/wordpress\/wp-json\/wp\/v2\/categories?post=943"},{"taxonomy":"post_tag","embeddable":true,"href":"http:\/\/www.graduats.org\/wordpress\/wp-json\/wp\/v2\/tags?post=943"}],"curies":[{"name":"wp","href":"https:\/\/api.w.org\/{rel}","templated":true}]}}