{"id":982,"date":"2012-05-16T07:10:44","date_gmt":"2012-05-16T06:10:44","guid":{"rendered":"http:\/\/graduats.wordpress.com\/?p=982"},"modified":"2012-05-16T07:10:44","modified_gmt":"2012-05-16T06:10:44","slug":"rectors-del-dissabte","status":"publish","type":"post","link":"http:\/\/www.graduats.org\/wordpress\/rectors-del-dissabte\/","title":{"rendered":"Rectors del dissabte"},"content":{"rendered":"<p style=\"text-align:justify;\"><strong>No a las injustas, inmorales y antievang\u00e9licas medidas del gobierno contra las personas m\u00e1s empobrecidas\u00a0<\/strong><\/p>\n<p style=\"text-align:justify;\">Las injustas medidas adoptadas ante la crisis perjudican gravemente a las personas m\u00e1s vulnerables de la sociedad: dependientes, paradas de larga duraci\u00f3n, j\u00f3venes sin perspectiva de futuro&#8230; Pero la decisi\u00f3n de dejar sin asistencia sanitaria, a partir del pr\u00f3ximo 1 de septiembre, a las inmigrantes que no tengan regularizada su situaci\u00f3n administrativa, traspasa todas las fronteras de la decencia moral, produce efectos perversos sobre los comportamientos c\u00edvicos y la salud p\u00fablica y corrompe el sentido evang\u00e9lico de la convivencia.<\/p>\n<p style=\"text-align:justify;\">1.- Es injusto e inmoral que los costes de la crisis recaigan sobre el derecho fundamental a la salud. El que la asistencia sanitaria se limite a las personas aseguradas y cotizantes y excluya a las inmigrantes, es el inicio de una deriva \u00e9tica que se manifiesta, tambi\u00e9n, en la exclusi\u00f3n de las paradas que no tengan actualizada su demanda de empleo y de las mayores de 26 a\u00f1os que no hayan entrado en el mercado de trabajo. El acceso universal e igualitario a la salud es un bien de justicia que debe ser garantizado por los poderes p\u00fablicos a toda la ciudadan\u00eda y de ning\u00fan modo puede quedar condicionado por la etnia, la religi\u00f3n o la documentaci\u00f3n.<\/p>\n<p style=\"text-align:justify;\">Solicitamos a los gobiernos \u2013central y auton\u00f3micos\u2013 que rectifiquen lo que consideramos inmoral e injusto.<\/p>\n<p style=\"text-align:justify;\">2.- Esta medida es innecesaria ya que el ahorro econ\u00f3mico m\u00ednimo que supone puede alcanzarse, sin mayor coste humano, por cualquier otro medio que no amenace la integridad de las personas. Para cubrir los gastos que se pretende evitar, basta renunciar a la F\u00f3rmula 1, disminuir el gasto militar espa\u00f1ol o diezmar la corrupci\u00f3n o el fraude fiscal. Por otra parte, no creemos que la medida prevista vaya a producir ahorro alguno, ya que va a generar un coste econ\u00f3mico superior al obligar a la poblaci\u00f3n excluida de atenci\u00f3n sanitaria a acudir a urgencias para recibir asistencia m\u00e9dica, con lo cual se producir\u00e1, adem\u00e1s, un colapso en las urgencias mayor del que ya existe.<\/p>\n<p style=\"text-align:justify;\">Invitamos, pues, a las organizaciones sociales y al conjunto de la sociedad a no secundar la medida y a presionar para crear un amplio consenso social.<\/p>\n<p style=\"text-align:justify;\">3.- Es contraproducente negar la tarjeta sanitaria y, en consecuencia, la atenci\u00f3n sanitaria a unos seres humanos que salieron de sus pa\u00edses en busca de medios de subsistencia o de mejores condiciones de vida para sus familias. Esta medida les estigmatiza, convirti\u00e9ndoles en \u201cchivos expiatorios\u201d de las disfunciones del sistema sanitario, y adem\u00e1s rompe el orden constitucional, asentado sobre el reconocimiento de la dignidad de toda persona.<\/p>\n<p style=\"text-align:justify;\">Invitamos a quienes ejercen como profesionales de la salud, a acogerse al derecho a la objeci\u00f3n de conciencia para atender a la poblaci\u00f3n m\u00e1s vulnerable.<\/p>\n<p style=\"text-align:justify;\">4.- Es antievang\u00e9lica una medida que deja sin cobertura, sin atenci\u00f3n sanitaria, sin medicinas y sin derechos a unos seres humanos simplemente por carecer de permiso de residencia en Espa\u00f1a o por padecer una precariedad laboral que ellos no han causado. Es un atentado al amor que Dios despliega sobre las personas y a la preferencia que, en Cristo, ha mostrado hacia las m\u00e1s fr\u00e1giles y vulnerables. El viejo interrogante b\u00edblico \u201c\u00bfd\u00f3nde est\u00e1 tu hermano?\u201d (Gn. 4,9), es la interpelaci\u00f3n que se dirige hoy a la ciudadan\u00eda espa\u00f1ola.<br \/>\nPedimos a las comunidades cristianas y al conjunto de la Iglesia que se empleen a fondo en la defensa del derecho de la gente m\u00e1s empobrecida.<\/p>\n<p style=\"text-align:justify;\">Val\u00e8ncia, 12 de maig de 2012 Festivitat de la Mare de D\u00e9u dels Desemparats.<br \/>\nGrup de Rectors del Dissabte<\/p>\n","protected":false},"excerpt":{"rendered":"<p>No a las injustas, inmorales y antievang\u00e9licas medidas del gobierno contra las personas m\u00e1s empobrecidas\u00a0 Las injustas medidas adoptadas ante la crisis perjudican gravemente a las personas m\u00e1s vulnerables de la sociedad: dependientes, paradas de larga duraci\u00f3n, j\u00f3venes sin perspectiva de futuro&#8230; Pero la decisi\u00f3n de dejar sin asistencia sanitaria, a partir del pr\u00f3ximo 1 [&hellip;]<\/p>\n","protected":false},"author":1,"featured_media":0,"comment_status":"open","ping_status":"open","sticky":false,"template":"","format":"standard","meta":{"footnotes":""},"categories":[9,14],"tags":[],"class_list":["post-982","post","type-post","status-publish","format-standard","hentry","category-noticias","category-reflexiones"],"_links":{"self":[{"href":"http:\/\/www.graduats.org\/wordpress\/wp-json\/wp\/v2\/posts\/982","targetHints":{"allow":["GET"]}}],"collection":[{"href":"http:\/\/www.graduats.org\/wordpress\/wp-json\/wp\/v2\/posts"}],"about":[{"href":"http:\/\/www.graduats.org\/wordpress\/wp-json\/wp\/v2\/types\/post"}],"author":[{"embeddable":true,"href":"http:\/\/www.graduats.org\/wordpress\/wp-json\/wp\/v2\/users\/1"}],"replies":[{"embeddable":true,"href":"http:\/\/www.graduats.org\/wordpress\/wp-json\/wp\/v2\/comments?post=982"}],"version-history":[{"count":0,"href":"http:\/\/www.graduats.org\/wordpress\/wp-json\/wp\/v2\/posts\/982\/revisions"}],"wp:attachment":[{"href":"http:\/\/www.graduats.org\/wordpress\/wp-json\/wp\/v2\/media?parent=982"}],"wp:term":[{"taxonomy":"category","embeddable":true,"href":"http:\/\/www.graduats.org\/wordpress\/wp-json\/wp\/v2\/categories?post=982"},{"taxonomy":"post_tag","embeddable":true,"href":"http:\/\/www.graduats.org\/wordpress\/wp-json\/wp\/v2\/tags?post=982"}],"curies":[{"name":"wp","href":"https:\/\/api.w.org\/{rel}","templated":true}]}}